{"id":57400,"date":"2020-02-04T12:50:13","date_gmt":"2020-02-04T15:50:13","guid":{"rendered":"https:\/\/www.actualidadadiario.com\/?p=57400"},"modified":"2020-02-04T12:50:13","modified_gmt":"2020-02-04T15:50:13","slug":"quien-era-claudio-bonadio","status":"publish","type":"post","link":"https:\/\/www.actualidadadiario.com\/index.php\/2020\/02\/04\/quien-era-claudio-bonadio\/","title":{"rendered":"Qui\u00e9n era Claudio Bonadio"},"content":{"rendered":"<p style=\"text-align: center;\"><em><strong>De la servilleta de Corach a la persecuci\u00f3n a Cristina Kirchner<\/strong><\/em><\/p>\n<p>&nbsp;<\/p>\n<p>&nbsp;<\/p>\n<p>Nombrado por el ex presidente Carlos Sa\u00fal Menem, Claudio Bonadio fue uno de los jueces federales con m\u00e1s a\u00f1os ocupando un despacho en Comodoro Py. Conocido como uno de los jueces de la servilleta de Corach, en 1994 accedi\u00f3 a la titularidad del Juzgado Federal 11 donde se desempe\u00f1\u00f3 hasta el d\u00eda de hoy. Bonadio hab\u00eda llegado a ese puesto por designaci\u00f3n del Poder Ejecutivo con acuerdo del Senado, cuando el sistema constitucional de nombramiento de magistrados era otro, ya que a\u00fan no exist\u00eda el Consejo de la Magistratura.<\/p>\n<p>Su cargo como mano derecha del Secretario de Legal y T\u00e9cnica de la Presidencia de Menem, Carlos Corach, lo catapult\u00f3 al fuero federal. Desde su despacho en Comodoro Py llev\u00f3 adelante en los \u00faltimos a\u00f1os su cruzada contra la ex presidenta Cristina Kirchner y el kirchnerismo en general.<\/p>\n<p>Naci\u00f3 en 1956 y se cri\u00f3 en la localidad de San Mart\u00edn, provincia de Buenos Aires. Abogado penalista, se recibi\u00f3 en la UBA en 1988. Sin recorrido previo en la Justicia, catapultado por la pol\u00edtica y su cercan\u00eda con Corach, en 1993 el Senado aprob\u00f3 su pliego para ser Juez Federal en Mor\u00f3n, pero nunca asumi\u00f3 ese cargo. Al a\u00f1o siguiente le abrir\u00eda las puertas Comodoro Py, cuando el entonces presidente Menem ampli\u00f3 a doce la cantidad de Juzgados Federales Criminales y Correccionales de primera instancia y le guard\u00f3 un lugar privilegiado.<\/p>\n<p>Aficionado a las armas, en 2001 fue abordado en plena calle en la localidad bonaerense de Florida por dos delincuentes, a quienes asesin\u00f3 de varios tiros con su pistola Glock calibre 40. Ten\u00edan 19 y 20 a\u00f1os. Uno de ellos estaba desarmado y el otro fue atacado por la espalda. Por ese episodio la entonces presidenta Cristina Kirchner lleg\u00f3 a llamarlo p\u00fablicamente el &#8220;juez pistolero&#8221;.<\/p>\n<p>Bonadio se convirti\u00f3 en uno de los magistrados acusados por el entonces opositor Domingo Felipe Cavallo cuando el economista habl\u00f3 de la c\u00e9lebre servilleta de Corach, en referencia al papel donde el funcionario menemista hab\u00eda escrito qu\u00e9 jueces jugar\u00edan a favor del gobierno: los nombres y apellidos quedaron registrados en la servilleta de un bar.<\/p>\n<p>Bonadio logr\u00f3 sortear m\u00e1s de 50 denuncias en el Consejo de la Magistratura y en estos \u00faltimos tiempos, encabez\u00f3 la cruzada judicial contra Cristina Fern\u00e1ndez, su familia y exfuncionarios de su gobierno.<\/p>\n<p>Hab\u00eda sido intervenido quir\u00fargicamente en mayo del a\u00f1o pasado y hab\u00eda pedido una licencia para el mes de febrero. En tribunales varios de sus colegas dudaban sobre su vuelta. Su estado de salud fue manejado con hermetismo en su entorno y por \u00e9l mismo. Nadie esperaba un desenlace tan r\u00e1pido.<\/p>\n","protected":false},"excerpt":{"rendered":"<p>De la servilleta de Corach a la persecuci\u00f3n a Cristina Kirchner &nbsp; &nbsp; Nombrado por el ex presidente Carlos Sa\u00fal Menem, Claudio Bonadio fue uno de los jueces federales con m\u00e1s a\u00f1os ocupando un despacho en Comodoro Py. Conocido como uno de los jueces de la servilleta de Corach, en 1994 accedi\u00f3 a la titularidad del Juzgado Federal 11 donde se desempe\u00f1\u00f3 hasta el d\u00eda de hoy. Bonadio hab\u00eda llegado a ese puesto por designaci\u00f3n del Poder Ejecutivo con acuerdo del Senado, cuando el sistema constitucional de nombramiento de magistrados&#8230;<\/p>\n","protected":false},"author":3,"featured_media":57401,"comment_status":"closed","ping_status":"closed","sticky":false,"template":"","format":"standard","meta":[],"categories":[18],"tags":[],"_links":{"self":[{"href":"https:\/\/www.actualidadadiario.com\/index.php\/wp-json\/wp\/v2\/posts\/57400"}],"collection":[{"href":"https:\/\/www.actualidadadiario.com\/index.php\/wp-json\/wp\/v2\/posts"}],"about":[{"href":"https:\/\/www.actualidadadiario.com\/index.php\/wp-json\/wp\/v2\/types\/post"}],"author":[{"embeddable":true,"href":"https:\/\/www.actualidadadiario.com\/index.php\/wp-json\/wp\/v2\/users\/3"}],"replies":[{"embeddable":true,"href":"https:\/\/www.actualidadadiario.com\/index.php\/wp-json\/wp\/v2\/comments?post=57400"}],"version-history":[{"count":1,"href":"https:\/\/www.actualidadadiario.com\/index.php\/wp-json\/wp\/v2\/posts\/57400\/revisions"}],"predecessor-version":[{"id":57402,"href":"https:\/\/www.actualidadadiario.com\/index.php\/wp-json\/wp\/v2\/posts\/57400\/revisions\/57402"}],"wp:featuredmedia":[{"embeddable":true,"href":"https:\/\/www.actualidadadiario.com\/index.php\/wp-json\/wp\/v2\/media\/57401"}],"wp:attachment":[{"href":"https:\/\/www.actualidadadiario.com\/index.php\/wp-json\/wp\/v2\/media?parent=57400"}],"wp:term":[{"taxonomy":"category","embeddable":true,"href":"https:\/\/www.actualidadadiario.com\/index.php\/wp-json\/wp\/v2\/categories?post=57400"},{"taxonomy":"post_tag","embeddable":true,"href":"https:\/\/www.actualidadadiario.com\/index.php\/wp-json\/wp\/v2\/tags?post=57400"}],"curies":[{"name":"wp","href":"https:\/\/api.w.org\/{rel}","templated":true}]}}