{"id":57398,"date":"2020-02-04T12:49:27","date_gmt":"2020-02-04T15:49:27","guid":{"rendered":"https:\/\/www.actualidadadiario.com\/?p=57398"},"modified":"2020-02-04T12:49:27","modified_gmt":"2020-02-04T15:49:27","slug":"trotta-considero-que-para-el-2-de-marzo-debera-estar-resuelta-la-paritaria-docente","status":"publish","type":"post","link":"https:\/\/www.actualidadadiario.com\/index.php\/2020\/02\/04\/trotta-considero-que-para-el-2-de-marzo-debera-estar-resuelta-la-paritaria-docente\/","title":{"rendered":"Trotta consider\u00f3 que para el 2 de marzo deber\u00e1 estar resuelta la paritaria docente"},"content":{"rendered":"<p style=\"text-align: center;\"><em><strong>El ministro de Educaci\u00f3n Nicol\u00e1s Trotta declar\u00f3 que aspira a &#8220;tener resuelta&#8221; la Paritaria Nacional Docente para el 2 de marzo, fecha de inicio del ciclo lectivo en la mayor\u00eda de los distritos del pa\u00eds. En la &#8220;sinton\u00eda&#8221; con el arco sindical que tutela a maestros y profesores Trotta anticip\u00f3 que en 10 d\u00edas volver\u00e1 a reunirse con ellos para &#8220;alcanzar los consensos necesarios&#8221;<\/strong><\/em><\/p>\n<p>&nbsp;<\/p>\n<p>&#8220;Para el 2 de marzo esperamos tener resuelta la paritaria y que empiecen las clases con normalidad; la pol\u00edtica se construye con los maestros y no en contra de ellos&#8221;, afirm\u00f3 el titular del Palacio Pizzurno y juzg\u00f3 que hay que &#8220;volver a rescatar consensos&#8221;, tras cuatro a\u00f1os de una gesti\u00f3n &#8220;sin capacidad de di\u00e1logo&#8221;.<\/p>\n<p>En declaraciones a la radio Futurock, Trotta consider\u00f3 &#8220;importante&#8221; el desarrollo de la paritaria para &#8220;romper la l\u00f3gica de confrontaci\u00f3n con los maestros e ir a los di\u00e1logos y los consensos&#8221;.Tambi\u00e9n revel\u00f3 que encontraron &#8220;m\u00e1s de medio mill\u00f3n de libros&#8221; sin distribuir adem\u00e1s de las notebooks. &#8220;Estamos reclamando toda la informaci\u00f3n vinculada a las netbooks, algunas que datan de 2015&#8221;, sostuvo Trotta, y asever\u00f3 que investigar\u00e1n por qu\u00e9 no fueron distribuidas, al igual que los libros. El ex ministro de Educaci\u00f3n Alejandro Finocchiaro hab\u00eda dicho que era un &#8220;remanente&#8221; que se iba a repartir durante este a\u00f1o.<\/p>\n","protected":false},"excerpt":{"rendered":"<p>El ministro de Educaci\u00f3n Nicol\u00e1s Trotta declar\u00f3 que aspira a &#8220;tener resuelta&#8221; la Paritaria Nacional Docente para el 2 de marzo, fecha de inicio del ciclo lectivo en la mayor\u00eda de los distritos del pa\u00eds. En la &#8220;sinton\u00eda&#8221; con el arco sindical que tutela a maestros y profesores Trotta anticip\u00f3 que en 10 d\u00edas volver\u00e1 a reunirse con ellos para &#8220;alcanzar los consensos necesarios&#8221; &nbsp; &#8220;Para el 2 de marzo esperamos tener resuelta la paritaria y que empiecen las clases con normalidad; la pol\u00edtica se construye con los maestros y&#8230;<\/p>\n","protected":false},"author":3,"featured_media":57065,"comment_status":"closed","ping_status":"closed","sticky":false,"template":"","format":"standard","meta":[],"categories":[18],"tags":[],"_links":{"self":[{"href":"https:\/\/www.actualidadadiario.com\/index.php\/wp-json\/wp\/v2\/posts\/57398"}],"collection":[{"href":"https:\/\/www.actualidadadiario.com\/index.php\/wp-json\/wp\/v2\/posts"}],"about":[{"href":"https:\/\/www.actualidadadiario.com\/index.php\/wp-json\/wp\/v2\/types\/post"}],"author":[{"embeddable":true,"href":"https:\/\/www.actualidadadiario.com\/index.php\/wp-json\/wp\/v2\/users\/3"}],"replies":[{"embeddable":true,"href":"https:\/\/www.actualidadadiario.com\/index.php\/wp-json\/wp\/v2\/comments?post=57398"}],"version-history":[{"count":1,"href":"https:\/\/www.actualidadadiario.com\/index.php\/wp-json\/wp\/v2\/posts\/57398\/revisions"}],"predecessor-version":[{"id":57399,"href":"https:\/\/www.actualidadadiario.com\/index.php\/wp-json\/wp\/v2\/posts\/57398\/revisions\/57399"}],"wp:featuredmedia":[{"embeddable":true,"href":"https:\/\/www.actualidadadiario.com\/index.php\/wp-json\/wp\/v2\/media\/57065"}],"wp:attachment":[{"href":"https:\/\/www.actualidadadiario.com\/index.php\/wp-json\/wp\/v2\/media?parent=57398"}],"wp:term":[{"taxonomy":"category","embeddable":true,"href":"https:\/\/www.actualidadadiario.com\/index.php\/wp-json\/wp\/v2\/categories?post=57398"},{"taxonomy":"post_tag","embeddable":true,"href":"https:\/\/www.actualidadadiario.com\/index.php\/wp-json\/wp\/v2\/tags?post=57398"}],"curies":[{"name":"wp","href":"https:\/\/api.w.org\/{rel}","templated":true}]}}