{"id":57396,"date":"2020-02-04T12:48:48","date_gmt":"2020-02-04T15:48:48","guid":{"rendered":"https:\/\/www.actualidadadiario.com\/?p=57396"},"modified":"2020-02-04T12:48:48","modified_gmt":"2020-02-04T15:48:48","slug":"quieren-convencer-a-ricardo-alfonsin-para-que-sea-embajador-en-espana","status":"publish","type":"post","link":"https:\/\/www.actualidadadiario.com\/index.php\/2020\/02\/04\/quieren-convencer-a-ricardo-alfonsin-para-que-sea-embajador-en-espana\/","title":{"rendered":"Quieren convencer a Ricardo Alfons\u00edn para que sea embajador en Espa\u00f1a"},"content":{"rendered":"<p style=\"text-align: center;\"><em><strong>Para ocupar la embajada en Madrid sonaron muchos nombres pero el que tom\u00f3 fuerzas en las \u00faltimas horas es del hijo del expresidente<\/strong><\/em><\/p>\n<p>&nbsp;<\/p>\n<p>&nbsp;<\/p>\n<p>El Gobierno nacional todav\u00eda no nombr\u00f3 embajador en Espa\u00f1a y el nombre que pretende para ese lugar es el de Ricardo Alfons\u00edn, quien en m\u00e1s de una oportunidad se\u00f1al\u00f3 que no quer\u00eda cargos pero desde Casa Rosada apuestan a poder convencerlo.<\/p>\n<p>&#8220;No defiendo ideas en funci\u00f3n de posibilidad de ocupar cargos&#8221;, dijo hace unos d\u00edas el hijo del ex presidente Ra\u00fal Alfons\u00edn.<\/p>\n<p>De todos modos, Ricardo Alfons\u00edn ya reconoci\u00f3 que tuvo acercamientos y propuestas de parte del gobierno de Alberto Fern\u00e1ndez: &#8220;fueron muy generosos conmigo&#8221;, aunque no aclar\u00f3 que le ofrecieron.<\/p>\n","protected":false},"excerpt":{"rendered":"<p>Para ocupar la embajada en Madrid sonaron muchos nombres pero el que tom\u00f3 fuerzas en las \u00faltimas horas es del hijo del expresidente &nbsp; &nbsp; El Gobierno nacional todav\u00eda no nombr\u00f3 embajador en Espa\u00f1a y el nombre que pretende para ese lugar es el de Ricardo Alfons\u00edn, quien en m\u00e1s de una oportunidad se\u00f1al\u00f3 que no quer\u00eda cargos pero desde Casa Rosada apuestan a poder convencerlo. &#8220;No defiendo ideas en funci\u00f3n de posibilidad de ocupar cargos&#8221;, dijo hace unos d\u00edas el hijo del ex presidente Ra\u00fal Alfons\u00edn. De todos modos,&#8230;<\/p>\n","protected":false},"author":3,"featured_media":9910,"comment_status":"closed","ping_status":"closed","sticky":false,"template":"","format":"standard","meta":[],"categories":[18],"tags":[],"_links":{"self":[{"href":"https:\/\/www.actualidadadiario.com\/index.php\/wp-json\/wp\/v2\/posts\/57396"}],"collection":[{"href":"https:\/\/www.actualidadadiario.com\/index.php\/wp-json\/wp\/v2\/posts"}],"about":[{"href":"https:\/\/www.actualidadadiario.com\/index.php\/wp-json\/wp\/v2\/types\/post"}],"author":[{"embeddable":true,"href":"https:\/\/www.actualidadadiario.com\/index.php\/wp-json\/wp\/v2\/users\/3"}],"replies":[{"embeddable":true,"href":"https:\/\/www.actualidadadiario.com\/index.php\/wp-json\/wp\/v2\/comments?post=57396"}],"version-history":[{"count":1,"href":"https:\/\/www.actualidadadiario.com\/index.php\/wp-json\/wp\/v2\/posts\/57396\/revisions"}],"predecessor-version":[{"id":57397,"href":"https:\/\/www.actualidadadiario.com\/index.php\/wp-json\/wp\/v2\/posts\/57396\/revisions\/57397"}],"wp:featuredmedia":[{"embeddable":true,"href":"https:\/\/www.actualidadadiario.com\/index.php\/wp-json\/wp\/v2\/media\/9910"}],"wp:attachment":[{"href":"https:\/\/www.actualidadadiario.com\/index.php\/wp-json\/wp\/v2\/media?parent=57396"}],"wp:term":[{"taxonomy":"category","embeddable":true,"href":"https:\/\/www.actualidadadiario.com\/index.php\/wp-json\/wp\/v2\/categories?post=57396"},{"taxonomy":"post_tag","embeddable":true,"href":"https:\/\/www.actualidadadiario.com\/index.php\/wp-json\/wp\/v2\/tags?post=57396"}],"curies":[{"name":"wp","href":"https:\/\/api.w.org\/{rel}","templated":true}]}}