{"id":57390,"date":"2020-02-04T12:47:28","date_gmt":"2020-02-04T15:47:28","guid":{"rendered":"https:\/\/www.actualidadadiario.com\/?p=57390"},"modified":"2020-02-04T12:47:28","modified_gmt":"2020-02-04T15:47:28","slug":"satisfaccion-en-el-gobierno-tras-la-reunion-de-alberto-con-angela-merkel","status":"publish","type":"post","link":"https:\/\/www.actualidadadiario.com\/index.php\/2020\/02\/04\/satisfaccion-en-el-gobierno-tras-la-reunion-de-alberto-con-angela-merkel\/","title":{"rendered":"Satisfacci\u00f3n en el Gobierno tras la reuni\u00f3n de Alberto con Angela Merkel"},"content":{"rendered":"<p style=\"text-align: center;\"><em><strong>En el entorno presidencial aseguran que el di\u00e1logo fue bueno y remarcaron como un logro de la gira el apoyo p\u00fablico de la l\u00edder europea a las gestiones del pa\u00eds en pos de la renegociaci\u00f3n de la deuda<\/strong><\/em><\/p>\n<p>&nbsp;<\/p>\n<p>&nbsp;<\/p>\n<p>El presidente Alberto Fern\u00e1ndez y la canciller alemana, Angela Merkel, mantuvieron un encuentro bilateral en Berl\u00edn, donde se reunieron con la expectativa de que Alemania brindara su apoyo al proceso econ\u00f3mico del pa\u00eds y, en consecuencia a la posible renegociaci\u00f3n de la deuda con el FMI y acreedores privados.<\/p>\n<p>\u201cLa Argentina no se encuentra en una situaci\u00f3n econ\u00f3mica f\u00e1cil, y por eso es importante que hablemos de nuestras relaciones econ\u00f3micas tambi\u00e9n y pensar c\u00f3mo desde Alemania, desde Europa, podemos apoyarle, y ayudarles\u201d, declar\u00f3 Merkel en la conferencia de prensa conjunta que realizaron ambos jefes del Estado luego del di\u00e1logo.<\/p>\n<p>Adem\u00e1s, la l\u00edder europea celebr\u00f3 &#8220;los encuentros con el Fondo Monetario Internacional&#8221;, lo que en la mesa chica del gobierno nacional fue tomado como un gesto de adhesi\u00f3n a la posible renegociaci\u00f3n.<\/p>\n<p>Por su parte, Alberto elogi\u00f3 el &#8220;modelo alem\u00e1n&#8221;, al que calific\u00f3 como \u201cel motor de la gran unidad en la Uni\u00f3n Europea\u201d.<\/p>\n<p>A su vez, en una declaraci\u00f3n conjunta, se\u00f1alaron que ambos pa\u00edses \u201ccomparten la preocupaci\u00f3n por los organismos multilaterales y por la relaci\u00f3n multilateral\u201d.<\/p>\n<p>El Presidente tambi\u00e9n indic\u00f3 que por la ma\u00f1ana mantuvo \u201cuna espl\u00e9ndida reuni\u00f3n con empresas inversoras en Argentina\u201d, en la que se repasaron \u201ctodos los temas pendientes y todas las alternativas\u201d: \u201cQued\u00e9 muy contento y muy satisfecho y me da la impresi\u00f3n, por lo que me han transmitido, que lo mismo han sentido ellos\u201d, afirm\u00f3.<\/p>\n<p>Merkel adem\u00e1s remarc\u00f3 que \u201cel inter\u00e9s por parte de la industria alemana es muy grande\u201d y propuso \u201chablar sobre posibles proyectos de inversiones entre Alemania y la Argentina\u201d.<\/p>\n<p>Acompa\u00f1aron al Presidente el ministro de Econom\u00eda, Mart\u00edn Guzm\u00e1n; el secretario General de la Presidencia, Julio Vitobello; el canciller Felipe Sol\u00e1; el secretario de Asuntos Estrat\u00e9gicos, Gustavo Beliz; el secretario de Comunicaci\u00f3n y Prensa, Juan Pablo Biondi, y el jefe de gabinete de la canciller\u00eda, Guillermo Justo Chaves. Tambi\u00e9n particip\u00f3 el embajador argentino en Alemania, Pedro Villagra Delgado.<\/p>\n","protected":false},"excerpt":{"rendered":"<p>En el entorno presidencial aseguran que el di\u00e1logo fue bueno y remarcaron como un logro de la gira el apoyo p\u00fablico de la l\u00edder europea a las gestiones del pa\u00eds en pos de la renegociaci\u00f3n de la deuda &nbsp; &nbsp; El presidente Alberto Fern\u00e1ndez y la canciller alemana, Angela Merkel, mantuvieron un encuentro bilateral en Berl\u00edn, donde se reunieron con la expectativa de que Alemania brindara su apoyo al proceso econ\u00f3mico del pa\u00eds y, en consecuencia a la posible renegociaci\u00f3n de la deuda con el FMI y acreedores privados. \u201cLa&#8230;<\/p>\n","protected":false},"author":3,"featured_media":57391,"comment_status":"closed","ping_status":"closed","sticky":false,"template":"","format":"standard","meta":[],"categories":[9],"tags":[],"_links":{"self":[{"href":"https:\/\/www.actualidadadiario.com\/index.php\/wp-json\/wp\/v2\/posts\/57390"}],"collection":[{"href":"https:\/\/www.actualidadadiario.com\/index.php\/wp-json\/wp\/v2\/posts"}],"about":[{"href":"https:\/\/www.actualidadadiario.com\/index.php\/wp-json\/wp\/v2\/types\/post"}],"author":[{"embeddable":true,"href":"https:\/\/www.actualidadadiario.com\/index.php\/wp-json\/wp\/v2\/users\/3"}],"replies":[{"embeddable":true,"href":"https:\/\/www.actualidadadiario.com\/index.php\/wp-json\/wp\/v2\/comments?post=57390"}],"version-history":[{"count":1,"href":"https:\/\/www.actualidadadiario.com\/index.php\/wp-json\/wp\/v2\/posts\/57390\/revisions"}],"predecessor-version":[{"id":57392,"href":"https:\/\/www.actualidadadiario.com\/index.php\/wp-json\/wp\/v2\/posts\/57390\/revisions\/57392"}],"wp:featuredmedia":[{"embeddable":true,"href":"https:\/\/www.actualidadadiario.com\/index.php\/wp-json\/wp\/v2\/media\/57391"}],"wp:attachment":[{"href":"https:\/\/www.actualidadadiario.com\/index.php\/wp-json\/wp\/v2\/media?parent=57390"}],"wp:term":[{"taxonomy":"category","embeddable":true,"href":"https:\/\/www.actualidadadiario.com\/index.php\/wp-json\/wp\/v2\/categories?post=57390"},{"taxonomy":"post_tag","embeddable":true,"href":"https:\/\/www.actualidadadiario.com\/index.php\/wp-json\/wp\/v2\/tags?post=57390"}],"curies":[{"name":"wp","href":"https:\/\/api.w.org\/{rel}","templated":true}]}}