{"id":57387,"date":"2020-02-04T12:46:40","date_gmt":"2020-02-04T15:46:40","guid":{"rendered":"https:\/\/www.actualidadadiario.com\/?p=57387"},"modified":"2020-02-04T12:46:40","modified_gmt":"2020-02-04T15:46:40","slug":"el-gobierno-ya-revisa-15-mil-nombramientos-del-macrismo","status":"publish","type":"post","link":"https:\/\/www.actualidadadiario.com\/index.php\/2020\/02\/04\/el-gobierno-ya-revisa-15-mil-nombramientos-del-macrismo\/","title":{"rendered":"El Gobierno ya revisa 15 mil nombramientos del macrismo"},"content":{"rendered":"<p style=\"text-align: center;\"><em><strong>Una comisi\u00f3n evaluadora pondr\u00e1 la lupa en contrataciones y concursos de los \u00faltimos tres a\u00f1os de Cambiemos<\/strong><\/em><\/p>\n<p>&nbsp;<\/p>\n<p>&nbsp;<\/p>\n<p>Al menos 15 mil nombramientos transitorios y cargos designados por concurso en el Estado nacional durante la administraci\u00f3n de Mauricio Macri ser\u00e1n revisados por el Gobierno en los pr\u00f3ximos meses. La decisi\u00f3n, que reglamenta un decreto de Alberto Fern\u00e1ndez de los primeros d\u00edas de su gesti\u00f3n, est\u00e1 contemplada en una resoluci\u00f3n de la Jefatura de Gabinete publicada ayer en el Bolet\u00edn Oficial.<\/p>\n<p>La resoluci\u00f3n 1 de la Secretar\u00eda de Gesti\u00f3n y Empleo P\u00fablico defini\u00f3 un mecanismo por el cual quedar\u00e1n bajo la lupa de una comisi\u00f3n evaluadora todos los puestos ocupados en la planta transitoria de la administraci\u00f3n p\u00fablica central y los llamados a concurso de las \u00e1reas clave del Estado durante los \u00faltimos tres a\u00f1os de la gesti\u00f3n de Macri, entre diciembre de 2016 y el mismo mes del a\u00f1o pasado. Y se aplicar\u00e1 la misma supevisi\u00f3n sobre los cargos concursados entre diciembre de 2017 y el \u00faltimo mes de Cambiemos en el poder. Se trata de los per\u00edodos en los que, seg\u00fan los funcionarios actuales, hubo mayor cantidad de nombramientos.<\/p>\n<p>La medida alcanza las designaciones en los ministerios del Gabinete nacional; las secretar\u00edas de la Presidencia; los cargos directivos de organismos descentralizados, y los de empresas y sociedades del Estado. La gesti\u00f3n Cambiemos, con una pr\u00e9dica antiestatista, aument\u00f3 en al menos 100 mil personas la plantilla del sector p\u00fablico en los cuatro a\u00f1os de Macri y atenu\u00f3 de ese modo una destrucci\u00f3n neta de puestos de trabajo que en el \u00e1mbito privado fue de 240 mil empleos, seg\u00fan un relevamiento del Ministerio de Trabajo.<\/p>\n<p>La resoluci\u00f3n de la secretar\u00eda a cargo de Ana Castellani reglament\u00f3 el decreto 36\/19, firmado por Alberto Fern\u00e1ndez en su primera semana como Presidente, que autoriz\u00f3 la revisi\u00f3n integral de los procesos de contrataciones y concursos. Aquella normativa hab\u00eda derogado, a su vez, los efectos de un decreto de Macri, el 788\/19, en los d\u00edas previos a la entrega del mando, que blind\u00f3 a unos 3 mil cargos directivos designados en aquella gesti\u00f3n con una garant\u00eda de continuidad y la posibilidad de percepci\u00f3n de la indemnizaci\u00f3n (duplicada por Fern\u00e1ndez al asumir) en caso de despido.<\/p>\n<p>&nbsp;<\/p>\n<p><strong>Mandato<\/strong><\/p>\n<p>Ese \u00faltimo beneficio del expresidente hacia cuadros directivos de su propio mandato hab\u00eda obtenido el aval de parte de la Uni\u00f3n del Personal Civil de la Naci\u00f3n (UPCN), el gremio mayoritario en el Estado nacional, conducido por Andr\u00e9s Rodr\u00edguez, por entender que se trataba de emprolijar una situaci\u00f3n de eventual debilidad para cargos en su mayor\u00eda concursados. Desde el principal sindicato competidor, la Asociaci\u00f3n de Trabajadores del Estado (ATE), sin embargo, alegaron que se trat\u00f3 de un paraguas informal dispuesto por Cambiemos para sus nombramientos pol\u00edticos.<\/p>\n<p>Castellani dijo en una entrevista que Cambiemos hab\u00eda desplazado a 41 mil agentes de la administraci\u00f3n p\u00fablica nacional pero en sentido inverso \u201cmultiplic\u00f3 la l\u00ednea dirigencial\u201d. Este diario expuso casos como el del Ministerio de Trabajo, con despidos y ca\u00edda de contratos a plazo en las categor\u00edas inferiores y creaci\u00f3n de nuevos cargos y estructuras burocr\u00e1ticas en las escalas m\u00e1s altas.<\/p>\n<p>En Gesti\u00f3n y Empleo P\u00fablico aclararon que la resoluci\u00f3n de an\u00e1lisis de concursos y nombramientos no alcanzar\u00e1 los contratos precarios que suelen proliferar en la administraci\u00f3n p\u00fablica nacional. El oficialismo se hab\u00eda comprometido a sostener unos 10 mil nombramientos sujetos a renovaciones permanentes e incluso el pase de algunos de ellos a planta transitoria o permanente.<\/p>\n","protected":false},"excerpt":{"rendered":"<p>Una comisi\u00f3n evaluadora pondr\u00e1 la lupa en contrataciones y concursos de los \u00faltimos tres a\u00f1os de Cambiemos &nbsp; &nbsp; Al menos 15 mil nombramientos transitorios y cargos designados por concurso en el Estado nacional durante la administraci\u00f3n de Mauricio Macri ser\u00e1n revisados por el Gobierno en los pr\u00f3ximos meses. La decisi\u00f3n, que reglamenta un decreto de Alberto Fern\u00e1ndez de los primeros d\u00edas de su gesti\u00f3n, est\u00e1 contemplada en una resoluci\u00f3n de la Jefatura de Gabinete publicada ayer en el Bolet\u00edn Oficial. La resoluci\u00f3n 1 de la Secretar\u00eda de Gesti\u00f3n y&#8230;<\/p>\n","protected":false},"author":3,"featured_media":57388,"comment_status":"closed","ping_status":"closed","sticky":false,"template":"","format":"standard","meta":[],"categories":[9],"tags":[],"_links":{"self":[{"href":"https:\/\/www.actualidadadiario.com\/index.php\/wp-json\/wp\/v2\/posts\/57387"}],"collection":[{"href":"https:\/\/www.actualidadadiario.com\/index.php\/wp-json\/wp\/v2\/posts"}],"about":[{"href":"https:\/\/www.actualidadadiario.com\/index.php\/wp-json\/wp\/v2\/types\/post"}],"author":[{"embeddable":true,"href":"https:\/\/www.actualidadadiario.com\/index.php\/wp-json\/wp\/v2\/users\/3"}],"replies":[{"embeddable":true,"href":"https:\/\/www.actualidadadiario.com\/index.php\/wp-json\/wp\/v2\/comments?post=57387"}],"version-history":[{"count":1,"href":"https:\/\/www.actualidadadiario.com\/index.php\/wp-json\/wp\/v2\/posts\/57387\/revisions"}],"predecessor-version":[{"id":57389,"href":"https:\/\/www.actualidadadiario.com\/index.php\/wp-json\/wp\/v2\/posts\/57387\/revisions\/57389"}],"wp:featuredmedia":[{"embeddable":true,"href":"https:\/\/www.actualidadadiario.com\/index.php\/wp-json\/wp\/v2\/media\/57388"}],"wp:attachment":[{"href":"https:\/\/www.actualidadadiario.com\/index.php\/wp-json\/wp\/v2\/media?parent=57387"}],"wp:term":[{"taxonomy":"category","embeddable":true,"href":"https:\/\/www.actualidadadiario.com\/index.php\/wp-json\/wp\/v2\/categories?post=57387"},{"taxonomy":"post_tag","embeddable":true,"href":"https:\/\/www.actualidadadiario.com\/index.php\/wp-json\/wp\/v2\/tags?post=57387"}],"curies":[{"name":"wp","href":"https:\/\/api.w.org\/{rel}","templated":true}]}}