{"id":57379,"date":"2020-02-04T12:44:18","date_gmt":"2020-02-04T15:44:18","guid":{"rendered":"https:\/\/www.actualidadadiario.com\/?p=57379"},"modified":"2020-02-04T12:44:18","modified_gmt":"2020-02-04T15:44:18","slug":"se-conocera-en-los-proximos-dias-la-canasta-de-precios-mayoristas","status":"publish","type":"post","link":"https:\/\/www.actualidadadiario.com\/index.php\/2020\/02\/04\/se-conocera-en-los-proximos-dias-la-canasta-de-precios-mayoristas\/","title":{"rendered":"Se conocer\u00e1 en los pr\u00f3ximos d\u00edas la canasta de precios mayoristas"},"content":{"rendered":"<p style=\"text-align: center;\"><em><strong>La secretaria de Comercio Interior, Paula Espa\u00f1ol, anunci\u00f3 este lunes que en unos d\u00edas se conocer\u00e1 la canasta de productos de Precios Cuidados en los supermercados mayoristas. &#8220;Seguimos avanzando con las negociaciones futuras. Estamos a d\u00edas de cerrar la canasta con los mayoristas&#8221;, dijo Espa\u00f1ol, y calific\u00f3 ese acuerdo de importante &#8220;porque va a permitir ser una se\u00f1al de precios para otros segmentos&#8221;. Al mismo tiempo, la funcionaria reconoci\u00f3 que el Gobierno sigue esperando la propuesta de productos que se ofrecer\u00e1n en los supermercados chinos<\/strong><\/em><\/p>\n<p>&nbsp;<\/p>\n<p>&nbsp;<\/p>\n<p>Durante la conferencia de prensa en la que present\u00f3 el programa &#8220;Vuelta al cole&#8221; junto al ministro de Desarrollo Productivo, Mat\u00edas Kulfas, Espa\u00f1ol detall\u00f3 que el programa ya cuenta con 200.000 descargas de su aplicaci\u00f3n para dispositivos m\u00f3viles, y asegur\u00f3 que &#8220;se empieza a ver un mejor abastecimiento del programa y lo importante que es la participaci\u00f3n ciudadana&#8221;.<\/p>\n<p>&#8220;Estamos trabajando en este programa que forma parte de uno m\u00e1s amplio. Hemos recibido una econom\u00eda muy complicada, muy desordenada que hay que acomodar por partes&#8221;, indic\u00f3 por su parte Kulfas. En ese sentido, recalc\u00f3 que el primer paso fue haber conseguido la aprobaci\u00f3n de la Ley de Solidaridad Social y Reactivaci\u00f3n Productiva.<\/p>\n<p>Esto &#8220;ha generado un nuevo marco en muchos aspectos: un mejor escenario fiscal, pautas para una reactivaci\u00f3n ya que se comienza con los sectores m\u00e1s postergados, un desahogo para las pymes, b\u00e1sicamente con la moratoria lanzada por la AFIP, y la reducci\u00f3n de tasas de inter\u00e9s ya por debajo del 50 por ciento&#8221;. &#8220;Es un escenario por etapas. No pretendemos que de manera m\u00e1gica la econom\u00eda empiece a tener una reactivaci\u00f3n en el cort\u00edsimo plazo&#8221;, concluy\u00f3 Kulfas.<\/p>\n<p>Kulfas asegur\u00f3 tambi\u00e9n que el pa\u00eds &#8220;est\u00e1 sobreendeudado, con problemas significativos desde el punto de vista fiscal, con el financiamiento cortado y no ahora, sino durante el gobierno anterior, con el sector industrial que ven\u00eda en ca\u00edda libre y con 25 mil pymes cerradas&#8221;. Esa fue su respuesta al ser consultado sobre la afirmaci\u00f3n del presidente Alberto Fern\u00e1ndez, ante empresarios en Alemania, a quienes les dijo que la Argentina &#8220;es un paciente en terapia intensiva&#8221;.<\/p>\n<p>Kulfas apunt\u00f3 que &#8220;todos esos datos en su conjunto muestran con claridad el panorama que hemos recibido&#8221; y consider\u00f3 que &#8220;la definici\u00f3n del Presidente es una definici\u00f3n importante y creo que refleja de manera sucinta todo esto que estoy mencionando&#8221;. Al respecto, puntualiz\u00f3 que se quedaba &#8220;corto&#8221; en la descripci\u00f3n, ya que &#8220;hay muchos indicadores m\u00e1s que se\u00f1alan la gravedad, el desorden que nos ha tocado recibir&#8221;. En el plano de la devastaci\u00f3n fabril, el ministro de Desarrollo Productivo ampli\u00f3 que &#8220;el a\u00f1o pasado cerraron 48 pymes por d\u00eda&#8221;.<\/p>\n","protected":false},"excerpt":{"rendered":"<p>La secretaria de Comercio Interior, Paula Espa\u00f1ol, anunci\u00f3 este lunes que en unos d\u00edas se conocer\u00e1 la canasta de productos de Precios Cuidados en los supermercados mayoristas. &#8220;Seguimos avanzando con las negociaciones futuras. Estamos a d\u00edas de cerrar la canasta con los mayoristas&#8221;, dijo Espa\u00f1ol, y calific\u00f3 ese acuerdo de importante &#8220;porque va a permitir ser una se\u00f1al de precios para otros segmentos&#8221;. Al mismo tiempo, la funcionaria reconoci\u00f3 que el Gobierno sigue esperando la propuesta de productos que se ofrecer\u00e1n en los supermercados chinos &nbsp; &nbsp; Durante la conferencia&#8230;<\/p>\n","protected":false},"author":3,"featured_media":57380,"comment_status":"closed","ping_status":"closed","sticky":false,"template":"","format":"standard","meta":[],"categories":[2],"tags":[],"_links":{"self":[{"href":"https:\/\/www.actualidadadiario.com\/index.php\/wp-json\/wp\/v2\/posts\/57379"}],"collection":[{"href":"https:\/\/www.actualidadadiario.com\/index.php\/wp-json\/wp\/v2\/posts"}],"about":[{"href":"https:\/\/www.actualidadadiario.com\/index.php\/wp-json\/wp\/v2\/types\/post"}],"author":[{"embeddable":true,"href":"https:\/\/www.actualidadadiario.com\/index.php\/wp-json\/wp\/v2\/users\/3"}],"replies":[{"embeddable":true,"href":"https:\/\/www.actualidadadiario.com\/index.php\/wp-json\/wp\/v2\/comments?post=57379"}],"version-history":[{"count":1,"href":"https:\/\/www.actualidadadiario.com\/index.php\/wp-json\/wp\/v2\/posts\/57379\/revisions"}],"predecessor-version":[{"id":57381,"href":"https:\/\/www.actualidadadiario.com\/index.php\/wp-json\/wp\/v2\/posts\/57379\/revisions\/57381"}],"wp:featuredmedia":[{"embeddable":true,"href":"https:\/\/www.actualidadadiario.com\/index.php\/wp-json\/wp\/v2\/media\/57380"}],"wp:attachment":[{"href":"https:\/\/www.actualidadadiario.com\/index.php\/wp-json\/wp\/v2\/media?parent=57379"}],"wp:term":[{"taxonomy":"category","embeddable":true,"href":"https:\/\/www.actualidadadiario.com\/index.php\/wp-json\/wp\/v2\/categories?post=57379"},{"taxonomy":"post_tag","embeddable":true,"href":"https:\/\/www.actualidadadiario.com\/index.php\/wp-json\/wp\/v2\/tags?post=57379"}],"curies":[{"name":"wp","href":"https:\/\/api.w.org\/{rel}","templated":true}]}}