{"id":57376,"date":"2020-02-04T12:43:35","date_gmt":"2020-02-04T15:43:35","guid":{"rendered":"https:\/\/www.actualidadadiario.com\/?p=57376"},"modified":"2020-02-04T12:43:35","modified_gmt":"2020-02-04T15:43:35","slug":"empleo-industria-construccion-y-comercio-los-sectores-mas-afectados-desde-2015","status":"publish","type":"post","link":"https:\/\/www.actualidadadiario.com\/index.php\/2020\/02\/04\/empleo-industria-construccion-y-comercio-los-sectores-mas-afectados-desde-2015\/","title":{"rendered":"Empleo: industria, construcci\u00f3n y comercio, los sectores m\u00e1s afectados desde 2015"},"content":{"rendered":"<p style=\"text-align: center;\"><em><strong>Es la conclusi\u00f3n de un estudio de la Universidad Nacional de Avellaneda, que determina que en ese per\u00edodo se perdieron 246.652 puestos de trabajo. En porcentajes, las provincias m\u00e1s afectadas fueron Tierra del Fuego, San Luis y Formosa<\/strong><\/em><\/p>\n<p>&nbsp;<\/p>\n<p>&nbsp;<\/p>\n<p>La industria, la construcci\u00f3n y el comercio fueron los sectores m\u00e1s afectadas en t\u00e9rminos de empleo durante los \u00faltimos cuatro a\u00f1os, en los que se acumul\u00f3 una p\u00e9rdida de 246.652 puestos, seg\u00fan un informe realizado por el Observatorio de Pol\u00edticas P\u00fablicas de la Universidad Nacional de Avellaneda (Undav).<\/p>\n<p>De acuerdo al Observatorio que conduce el economista Santiago Fraschina, puntualmente, entre noviembre de 2015 y el mismo mes de 2019, se perdieron 170.166 puestos de trabajo en las Industrias manufactureras, mientras que fueron 39.366 en la construcci\u00f3n, y 37.120 en la rama de comercio y reparaciones.<\/p>\n<p>La \u00fanica excepci\u00f3n fueron los servicios comunitarios, sociales y personales, que registraron un alza de 4.482 trabajadores durante los \u00faltimos cuatro a\u00f1os, a pesar de una p\u00e9rdida de 5.790 puestos laborales durante los \u00faltimos 12 meses.<\/p>\n<p>En esa l\u00ednea, el estudio evidencia que, en base a los n\u00fameros del Sistema Integrado Previsional Argentino (SIPA), s\u00f3lo las provincias de Tucum\u00e1n, con un alza del 2,8%; Jujuy, del 4,2%; y Neuqu\u00e9n, del 5,8%; manifestaron una evoluci\u00f3n positiva en su masa de asalariados durante estos a\u00f1os, tanto del sector privado como del p\u00fablico.<\/p>\n<p>&#8220;A diferencia de otros contextos recesivos, el mercado de trabajo tuvo menos capacidad de resistir a la merma en la actividad, en los \u00faltimos a\u00f1os. El punto de quiebre lo marc\u00f3 el fin de 2017. A partir de entonces, la destrucci\u00f3n de empleo fue incesante y a velocidad creciente&#8221;, especific\u00f3 el estudio.<\/p>\n<p>Sobre este aspecto se puso como ejemplo que si bien la ca\u00edda laboral en el sector industrial fue permanente, &#8220;el del comercio en cambio se ve fuertemente afectado no antes de la crisis iniciada en marzo del 2018&#8221;.<\/p>\n<p>Al analizar los n\u00fameros de la actividad laboral entre noviembre de 2017 y de 2019, sumando todas las modalidades, es decir, incluyendo monotributistas, empleo dom\u00e9stico y aut\u00f3nomos, hubo 195.614 trabajadores registrados menos.<\/p>\n<p>En lo que respecta a la calidad del trabajo, en igual per\u00edodo se verific\u00f3 un crecimiento de la adhesi\u00f3n al monotributo, con el alta de unas 31.294 cuentas en la modalidad contractual simplificada, una din\u00e1mica que tambi\u00e9n se repite entre los asalariados del sector p\u00fablico y los inscritos en el r\u00e9gimen especial de casas particulares.<\/p>\n<p>Respecto de la distribuci\u00f3n geogr\u00e1fica de la crisis laboral, entre 2015 y 2019, las provincias que m\u00e1s perdieron fueron la de Buenos Aires, donde se destruyeron 86.776 posiciones en cuatro a\u00f1os, es decir, el 4,4% de su masa asalariada, y la Capital Federal, con un volumen de 57.330 puestos menos en el mismo lapso, equivalente al 3,7% del total de trabajadores a sueldo.<\/p>\n<p>Sin embargo, las provincias m\u00e1s afectadas a nivel del total de su masa salarial fueron las de Tierra del Fuego, con 10.379 puestos de trabajo menos (24,1% del total); San Luis, con 9.776 despidos (16,1%); y Formosa con 4.611 despidos (15,9%).<\/p>\n","protected":false},"excerpt":{"rendered":"<p>Es la conclusi\u00f3n de un estudio de la Universidad Nacional de Avellaneda, que determina que en ese per\u00edodo se perdieron 246.652 puestos de trabajo. En porcentajes, las provincias m\u00e1s afectadas fueron Tierra del Fuego, San Luis y Formosa &nbsp; &nbsp; La industria, la construcci\u00f3n y el comercio fueron los sectores m\u00e1s afectadas en t\u00e9rminos de empleo durante los \u00faltimos cuatro a\u00f1os, en los que se acumul\u00f3 una p\u00e9rdida de 246.652 puestos, seg\u00fan un informe realizado por el Observatorio de Pol\u00edticas P\u00fablicas de la Universidad Nacional de Avellaneda (Undav). De acuerdo&#8230;<\/p>\n","protected":false},"author":3,"featured_media":57377,"comment_status":"closed","ping_status":"closed","sticky":false,"template":"","format":"standard","meta":[],"categories":[2],"tags":[],"_links":{"self":[{"href":"https:\/\/www.actualidadadiario.com\/index.php\/wp-json\/wp\/v2\/posts\/57376"}],"collection":[{"href":"https:\/\/www.actualidadadiario.com\/index.php\/wp-json\/wp\/v2\/posts"}],"about":[{"href":"https:\/\/www.actualidadadiario.com\/index.php\/wp-json\/wp\/v2\/types\/post"}],"author":[{"embeddable":true,"href":"https:\/\/www.actualidadadiario.com\/index.php\/wp-json\/wp\/v2\/users\/3"}],"replies":[{"embeddable":true,"href":"https:\/\/www.actualidadadiario.com\/index.php\/wp-json\/wp\/v2\/comments?post=57376"}],"version-history":[{"count":1,"href":"https:\/\/www.actualidadadiario.com\/index.php\/wp-json\/wp\/v2\/posts\/57376\/revisions"}],"predecessor-version":[{"id":57378,"href":"https:\/\/www.actualidadadiario.com\/index.php\/wp-json\/wp\/v2\/posts\/57376\/revisions\/57378"}],"wp:featuredmedia":[{"embeddable":true,"href":"https:\/\/www.actualidadadiario.com\/index.php\/wp-json\/wp\/v2\/media\/57377"}],"wp:attachment":[{"href":"https:\/\/www.actualidadadiario.com\/index.php\/wp-json\/wp\/v2\/media?parent=57376"}],"wp:term":[{"taxonomy":"category","embeddable":true,"href":"https:\/\/www.actualidadadiario.com\/index.php\/wp-json\/wp\/v2\/categories?post=57376"},{"taxonomy":"post_tag","embeddable":true,"href":"https:\/\/www.actualidadadiario.com\/index.php\/wp-json\/wp\/v2\/tags?post=57376"}],"curies":[{"name":"wp","href":"https:\/\/api.w.org\/{rel}","templated":true}]}}