{"id":57373,"date":"2020-02-04T12:42:41","date_gmt":"2020-02-04T15:42:41","guid":{"rendered":"https:\/\/www.actualidadadiario.com\/?p=57373"},"modified":"2020-02-04T12:42:41","modified_gmt":"2020-02-04T15:42:41","slug":"las-6-claves-del-plan-de-precios-cuidados-para-utiles-escolares","status":"publish","type":"post","link":"https:\/\/www.actualidadadiario.com\/index.php\/2020\/02\/04\/las-6-claves-del-plan-de-precios-cuidados-para-utiles-escolares\/","title":{"rendered":"Las 6 claves del plan de Precios Cuidados para \u00fatiles escolares"},"content":{"rendered":"<p style=\"text-align: center;\"><em><strong>Fue lanzado por el Ministerio de Desarrollo Productivo con el fin de instalar precios de referencia tambi\u00e9n en el regreso a clases<\/strong><\/em><\/p>\n<p>&nbsp;<\/p>\n<p>&nbsp;<\/p>\n<p>&nbsp;<\/p>\n<p>En el marco del programa Precios Cuidados, que fue relanzado d\u00edas atr\u00e1s con 300 productos y marc\u00f3 el regreso de las primeras marcas, el ministro de Desarrollo Productivo, Mat\u00edas Kulfas anunci\u00f3 este lunes el lanzamiento del plan Vuelta al Cole, mediante el cual el Gobierno busca fijar precios de referencia para \u00fatiles escolares, mochilas y vestimenta colegial.<\/p>\n<p>El nuevo programa abarca la compraventa de t\u00e9mperas, sacapuntas, goma de borrar, l\u00e1pices, l\u00e1piz corrector, l\u00e1pices de colores, crayones, fibra escolar, bol\u00edgrafo, tijera, set de geometr\u00eda (regla, escuadra y transportador), carpetas y cuadernos, cartucheras y mochila escolar.<\/p>\n<p>Tambi\u00e9n incluye productos como medias, remeras de ni\u00f1os y adultos, shores, pollera pantal\u00f3n, buzos, guardapolvo de jard\u00edn, guardapolvo blanco y zapatos colegiales.<\/p>\n<p>El anuncio lo hizo Kulfas en una conferencia de prensa junto a la secretaria de Comercio Interior, Paula Espa\u00f1ol, quien dio detalles del Plan.<\/p>\n<p>&nbsp;<\/p>\n<p><strong>Las 6 claves del plan Vuelta al Cole<\/strong><\/p>\n<p>-Rige desde el 3 de febrero hasta el 31 de marzo o agotar stock.<\/p>\n<p>-El programa tiene cobertura en todo el pa\u00eds.<\/p>\n<p>-Incluye a supermercados, librer\u00edas y locales de la cadena Todo Moda.<\/p>\n<p>-Al igual que Precios Cuidados, se puede descargar la app &#8220;Precios Cuidados Vuelta al Cole&#8221; para seguir de cerca las opciones y controlar que se cumpla el programa.<\/p>\n<p>-Rige tanto para compra en locales como online.<\/p>\n<p>-Se acord\u00f3 una oferta de 10 \u00fatiles a $500 en supermercados.<\/p>\n","protected":false},"excerpt":{"rendered":"<p>Fue lanzado por el Ministerio de Desarrollo Productivo con el fin de instalar precios de referencia tambi\u00e9n en el regreso a clases &nbsp; &nbsp; &nbsp; En el marco del programa Precios Cuidados, que fue relanzado d\u00edas atr\u00e1s con 300 productos y marc\u00f3 el regreso de las primeras marcas, el ministro de Desarrollo Productivo, Mat\u00edas Kulfas anunci\u00f3 este lunes el lanzamiento del plan Vuelta al Cole, mediante el cual el Gobierno busca fijar precios de referencia para \u00fatiles escolares, mochilas y vestimenta colegial. El nuevo programa abarca la compraventa de t\u00e9mperas,&#8230;<\/p>\n","protected":false},"author":3,"featured_media":57374,"comment_status":"closed","ping_status":"closed","sticky":false,"template":"","format":"standard","meta":[],"categories":[2],"tags":[],"_links":{"self":[{"href":"https:\/\/www.actualidadadiario.com\/index.php\/wp-json\/wp\/v2\/posts\/57373"}],"collection":[{"href":"https:\/\/www.actualidadadiario.com\/index.php\/wp-json\/wp\/v2\/posts"}],"about":[{"href":"https:\/\/www.actualidadadiario.com\/index.php\/wp-json\/wp\/v2\/types\/post"}],"author":[{"embeddable":true,"href":"https:\/\/www.actualidadadiario.com\/index.php\/wp-json\/wp\/v2\/users\/3"}],"replies":[{"embeddable":true,"href":"https:\/\/www.actualidadadiario.com\/index.php\/wp-json\/wp\/v2\/comments?post=57373"}],"version-history":[{"count":1,"href":"https:\/\/www.actualidadadiario.com\/index.php\/wp-json\/wp\/v2\/posts\/57373\/revisions"}],"predecessor-version":[{"id":57375,"href":"https:\/\/www.actualidadadiario.com\/index.php\/wp-json\/wp\/v2\/posts\/57373\/revisions\/57375"}],"wp:featuredmedia":[{"embeddable":true,"href":"https:\/\/www.actualidadadiario.com\/index.php\/wp-json\/wp\/v2\/media\/57374"}],"wp:attachment":[{"href":"https:\/\/www.actualidadadiario.com\/index.php\/wp-json\/wp\/v2\/media?parent=57373"}],"wp:term":[{"taxonomy":"category","embeddable":true,"href":"https:\/\/www.actualidadadiario.com\/index.php\/wp-json\/wp\/v2\/categories?post=57373"},{"taxonomy":"post_tag","embeddable":true,"href":"https:\/\/www.actualidadadiario.com\/index.php\/wp-json\/wp\/v2\/tags?post=57373"}],"curies":[{"name":"wp","href":"https:\/\/api.w.org\/{rel}","templated":true}]}}