{"id":57371,"date":"2020-02-04T12:41:20","date_gmt":"2020-02-04T15:41:20","guid":{"rendered":"https:\/\/www.actualidadadiario.com\/?p=57371"},"modified":"2020-02-04T12:41:20","modified_gmt":"2020-02-04T15:41:20","slug":"solo-tres-provincias-resistieron-la-caida-del-empleo-el-ultimo-ano","status":"publish","type":"post","link":"https:\/\/www.actualidadadiario.com\/index.php\/2020\/02\/04\/solo-tres-provincias-resistieron-la-caida-del-empleo-el-ultimo-ano\/","title":{"rendered":"S\u00f3lo tres provincias resistieron la ca\u00edda del empleo el \u00faltimo a\u00f1o"},"content":{"rendered":"<p style=\"text-align: center;\"><em><strong>El an\u00e1lisis sobre la involuci\u00f3n del empleo privado contin\u00faa ofreciendo datos de cat\u00e1strofe. En el \u00faltimo informe de la Universidad Nacional de Avellaneda (Undav) se consign\u00f3 que desde noviembre de 2015 a la fecha se perdieron 170.000 empleos y que s\u00f3lo hubo tres provincias -Neuqu\u00e9n, Chubut y Santa Cruz- que ofrecieron guarismos positivos<\/strong><\/em><\/p>\n<p>&nbsp;<\/p>\n<p>Las variaciones absolutas con registros negativos ofrecen a Buenos Aires con 86.000 puestos, la Ciudad Aut\u00f3noma de Buenos Aires con 57.000, C\u00f3rdoba con 14.000 y Santa Fe superando los 12.000.<\/p>\n<p>Al realizar foco en la industria, y s\u00f3lo teniendo en cuenta el \u00faltimo a\u00f1o, la construcci\u00f3n tuvo una baja de 8.700 empleos formales y alimentaci\u00f3n 8.000 como datos m\u00e1s significativos de la merma. Para dicha estimaci\u00f3n la Undav tom\u00f3 en cuenta el primer trimestre de 2018 e igual per\u00edodo de 2019. Sin lugar a sorpresas tambi\u00e9n ofrecen resultados de alarma los textiles que sufrieron la baja de 7.600 empleos, seguidos por confecciones con 5.800, curtiembres y calzado 5.300, industria del caucho y pl\u00e1stico 4.600, entre algunos rubros mensurados.<\/p>\n<p>En cuanto a los \u00faltimos 4 a\u00f1os y m\u00e1s all\u00e1 de la zona de manufacturas el comercio minorista apreci\u00f3 una baja de 27.000 empleados y el mayorista 7.500 trabajadores. Para el cap\u00edtulo de servicios el transporte ferroviario\/automotor registr\u00f3 16.000 empleos menos, seguidos por los servicios jur\u00eddicos, contables y otras prestaciones a empresas donde la p\u00e9rdida de trabajo alcanz\u00f3 a 10.000 personas.<\/p>\n<p>El \u00e1rea gastron\u00f3mica tuvo una corrosi\u00f3n de 6.000 empleados y empleo temporario 9.000.<\/p>\n<p>En base a datos oficiales del SIPA los investigadores de la Undav concluyeron que fue &#8220;sino consecuencia directa de las pol\u00edticas p\u00fablicas implementadas&#8221;. De hecho acuden a datos sobre desocupaci\u00f3n del 5,9% en el tercer trimestre de 2015, &#8220;la m\u00e1s baja en 28 a\u00f1os&#8221;, acotaron desde la Undav como tambi\u00e9n una subocupaci\u00f3n en torno al 8,6%. Puntualizan incluso, que la recesi\u00f3n se pone de manifiesto en 2016 y el segundo semestre de 2018. La tendencia en baja y sin recuperaci\u00f3n tiene mayor potencia en 2019 cuando la desocupaci\u00f3n alcanz\u00f3 los dos d\u00edgitos trepando al 10,6% por primera vez desde 2006.<\/p>\n<p>Tambi\u00e9n las conclusiones de la involuci\u00f3n de oportunidades de trabajo se analizaron por g\u00e9nero y edad en el informe universitario. &#8220;El desempleo afecta de manera m\u00e1s aguda a ciertos grupos poblacionales, como las mujeres y los j\u00f3venes&#8221;, rese\u00f1aron desde la Undav. La tasa de desempleo, en las conclusiones del informe, est\u00e1 potenciada por la falta de trabajo para los menores de 30 a\u00f1os.<\/p>\n<p>Otro &#8220;indicador de gravedad&#8221; surge del desglose de la tasa que grafica a quienes siendo desocupados buscar empleo, que lleg\u00f3 a 32%en cuanto a quienes abordaron la b\u00fasqueda en el \u00faltimo a\u00f1o, lo cual deducen los investigadores subrayan que &#8220;se tarda m\u00e1s en conseguir trabajo al reducirse incluso la tasa de rotaci\u00f3n laboral&#8221;.<\/p>\n","protected":false},"excerpt":{"rendered":"<p>El an\u00e1lisis sobre la involuci\u00f3n del empleo privado contin\u00faa ofreciendo datos de cat\u00e1strofe. En el \u00faltimo informe de la Universidad Nacional de Avellaneda (Undav) se consign\u00f3 que desde noviembre de 2015 a la fecha se perdieron 170.000 empleos y que s\u00f3lo hubo tres provincias -Neuqu\u00e9n, Chubut y Santa Cruz- que ofrecieron guarismos positivos &nbsp; Las variaciones absolutas con registros negativos ofrecen a Buenos Aires con 86.000 puestos, la Ciudad Aut\u00f3noma de Buenos Aires con 57.000, C\u00f3rdoba con 14.000 y Santa Fe superando los 12.000. Al realizar foco en la industria,&#8230;<\/p>\n","protected":false},"author":3,"featured_media":44237,"comment_status":"closed","ping_status":"closed","sticky":false,"template":"","format":"standard","meta":[],"categories":[2],"tags":[],"_links":{"self":[{"href":"https:\/\/www.actualidadadiario.com\/index.php\/wp-json\/wp\/v2\/posts\/57371"}],"collection":[{"href":"https:\/\/www.actualidadadiario.com\/index.php\/wp-json\/wp\/v2\/posts"}],"about":[{"href":"https:\/\/www.actualidadadiario.com\/index.php\/wp-json\/wp\/v2\/types\/post"}],"author":[{"embeddable":true,"href":"https:\/\/www.actualidadadiario.com\/index.php\/wp-json\/wp\/v2\/users\/3"}],"replies":[{"embeddable":true,"href":"https:\/\/www.actualidadadiario.com\/index.php\/wp-json\/wp\/v2\/comments?post=57371"}],"version-history":[{"count":1,"href":"https:\/\/www.actualidadadiario.com\/index.php\/wp-json\/wp\/v2\/posts\/57371\/revisions"}],"predecessor-version":[{"id":57372,"href":"https:\/\/www.actualidadadiario.com\/index.php\/wp-json\/wp\/v2\/posts\/57371\/revisions\/57372"}],"wp:featuredmedia":[{"embeddable":true,"href":"https:\/\/www.actualidadadiario.com\/index.php\/wp-json\/wp\/v2\/media\/44237"}],"wp:attachment":[{"href":"https:\/\/www.actualidadadiario.com\/index.php\/wp-json\/wp\/v2\/media?parent=57371"}],"wp:term":[{"taxonomy":"category","embeddable":true,"href":"https:\/\/www.actualidadadiario.com\/index.php\/wp-json\/wp\/v2\/categories?post=57371"},{"taxonomy":"post_tag","embeddable":true,"href":"https:\/\/www.actualidadadiario.com\/index.php\/wp-json\/wp\/v2\/tags?post=57371"}],"curies":[{"name":"wp","href":"https:\/\/api.w.org\/{rel}","templated":true}]}}