{"id":57365,"date":"2020-02-04T12:39:35","date_gmt":"2020-02-04T15:39:35","guid":{"rendered":"https:\/\/www.actualidadadiario.com\/?p=57365"},"modified":"2020-02-04T12:39:35","modified_gmt":"2020-02-04T15:39:35","slug":"volkswagen-realizara-inversiones-por-us-800-millones-en-la-argentina","status":"publish","type":"post","link":"https:\/\/www.actualidadadiario.com\/index.php\/2020\/02\/04\/volkswagen-realizara-inversiones-por-us-800-millones-en-la-argentina\/","title":{"rendered":"Volkswagen realizar\u00e1 inversiones por US$ 800 millones en la Argentina"},"content":{"rendered":"<p style=\"text-align: center;\"><em><strong>Lo confirmaron altos directivos de la empresa ante Alberto Fern\u00e1ndez en Berl\u00edn. La producci\u00f3n ser\u00e1 en sus plantas automotrices de Buenos Aires y C\u00f3rdoba<\/strong><\/em><\/p>\n<p>&nbsp;<\/p>\n<p>&nbsp;<\/p>\n<p>El presidente Alberto Fern\u00e1ndez mantuvo un encuentro este lunes en Berl\u00edn, Alemania, con altos ejecutivos del Grupo Volkswagen, quienes le confirmaron que realizar\u00e1n inversiones por US$ 800 millones en la Argentina en sus plantas automotrices de Buenos Aires y C\u00f3rdoba.<\/p>\n<p>Durante la reuni\u00f3n, el responsable de Producci\u00f3n y Log\u00edstica de VW, Andreas Tostmann, anunci\u00f3 el inicio de las actividades de producci\u00f3n de las primeras pre-series del proyecto Tarek, un nuevo modelo que se producir\u00e1 en el Centro Industrial Pacheco, y el comienzo de la producci\u00f3n de la caja de velocidad MQ281 en el Centro Industrial C\u00f3rdoba de la compa\u00f1\u00eda.<\/p>\n<p>Ambos proyectos implican una inversi\u00f3n de u$s 800 millones, lo que, en palabras de la empresa, \u201cratifica el fuerte compromiso que tiene el Grupo Volkswagen con la Rep\u00fablica Argentina desde hace ya 40 a\u00f1os\u201d.<\/p>\n<p>El proyecto Tarek se trata del primer SUV que la marca producir\u00e1 en Argentina y ser\u00e1 exportado a toda la regi\u00f3n.<\/p>\n<p>En tanto, la producci\u00f3n de la caja de trasmisi\u00f3n de 6 velocidades MQ281 implica una inversi\u00f3n en Argentina de U$S 150 millones en el Centro Industrial C\u00f3rdoba. Dicha trasmisi\u00f3n ser\u00e1 100% para exportaci\u00f3n a Europa.<\/p>\n<p>El mandatario asisti\u00f3 a la reuni\u00f3n junto al secretario general de la Presidencia, Julio Vitobello; el secretario de Asuntos Estrat\u00e9gicos, Gustavo B\u00e9liz, y el secretario de Comunicaci\u00f3n y Prensa, Juan Pablo Biondi.<\/p>\n<p>Por parte de la empresa tambi\u00e9n participaron los presidentes y CEOs de Am\u00e9rica Latina, Pablo Di Si y de Argentina, Thomas Owsianski; los responsables a nivel mundial de Relaciones Gubernamentales, Thomas Steg; y de Pol\u00edtica Internacional, Jens Hanefeld; y la directora de Asuntos Corporativos, Legales y P\u00fablicos para la Argentina, Angie Stelzer.<\/p>\n","protected":false},"excerpt":{"rendered":"<p>Lo confirmaron altos directivos de la empresa ante Alberto Fern\u00e1ndez en Berl\u00edn. La producci\u00f3n ser\u00e1 en sus plantas automotrices de Buenos Aires y C\u00f3rdoba &nbsp; &nbsp; El presidente Alberto Fern\u00e1ndez mantuvo un encuentro este lunes en Berl\u00edn, Alemania, con altos ejecutivos del Grupo Volkswagen, quienes le confirmaron que realizar\u00e1n inversiones por US$ 800 millones en la Argentina en sus plantas automotrices de Buenos Aires y C\u00f3rdoba. Durante la reuni\u00f3n, el responsable de Producci\u00f3n y Log\u00edstica de VW, Andreas Tostmann, anunci\u00f3 el inicio de las actividades de producci\u00f3n de las primeras&#8230;<\/p>\n","protected":false},"author":3,"featured_media":57366,"comment_status":"closed","ping_status":"closed","sticky":false,"template":"","format":"standard","meta":[],"categories":[9],"tags":[],"_links":{"self":[{"href":"https:\/\/www.actualidadadiario.com\/index.php\/wp-json\/wp\/v2\/posts\/57365"}],"collection":[{"href":"https:\/\/www.actualidadadiario.com\/index.php\/wp-json\/wp\/v2\/posts"}],"about":[{"href":"https:\/\/www.actualidadadiario.com\/index.php\/wp-json\/wp\/v2\/types\/post"}],"author":[{"embeddable":true,"href":"https:\/\/www.actualidadadiario.com\/index.php\/wp-json\/wp\/v2\/users\/3"}],"replies":[{"embeddable":true,"href":"https:\/\/www.actualidadadiario.com\/index.php\/wp-json\/wp\/v2\/comments?post=57365"}],"version-history":[{"count":1,"href":"https:\/\/www.actualidadadiario.com\/index.php\/wp-json\/wp\/v2\/posts\/57365\/revisions"}],"predecessor-version":[{"id":57367,"href":"https:\/\/www.actualidadadiario.com\/index.php\/wp-json\/wp\/v2\/posts\/57365\/revisions\/57367"}],"wp:featuredmedia":[{"embeddable":true,"href":"https:\/\/www.actualidadadiario.com\/index.php\/wp-json\/wp\/v2\/media\/57366"}],"wp:attachment":[{"href":"https:\/\/www.actualidadadiario.com\/index.php\/wp-json\/wp\/v2\/media?parent=57365"}],"wp:term":[{"taxonomy":"category","embeddable":true,"href":"https:\/\/www.actualidadadiario.com\/index.php\/wp-json\/wp\/v2\/categories?post=57365"},{"taxonomy":"post_tag","embeddable":true,"href":"https:\/\/www.actualidadadiario.com\/index.php\/wp-json\/wp\/v2\/tags?post=57365"}],"curies":[{"name":"wp","href":"https:\/\/api.w.org\/{rel}","templated":true}]}}