{"id":57362,"date":"2020-02-04T12:38:19","date_gmt":"2020-02-04T15:38:19","guid":{"rendered":"https:\/\/www.actualidadadiario.com\/?p=57362"},"modified":"2020-02-04T12:38:19","modified_gmt":"2020-02-04T15:38:19","slug":"la-provincia-destaca-las-acciones-de-prevencion-deteccion-y-control-del-cancer","status":"publish","type":"post","link":"https:\/\/www.actualidadadiario.com\/index.php\/2020\/02\/04\/la-provincia-destaca-las-acciones-de-prevencion-deteccion-y-control-del-cancer\/","title":{"rendered":"La provincia destaca las acciones de prevenci\u00f3n, detecci\u00f3n y control del c\u00e1ncer"},"content":{"rendered":"<p style=\"text-align: center;\"><em><strong>En el D\u00eda Mundial contra el C\u00e1ncer, Salud recuerda la importancia de los h\u00e1bitos de vida saludable y los controles peri\u00f3dicos para la detecci\u00f3n precoz y los tratamientos oportunos de esta enfermedad que se puede prevenir, tratar y curar<\/strong><\/em><\/p>\n<p>&nbsp;<\/p>\n<p>&nbsp;<\/p>\n<p>Cada 4 de febrero, D\u00eda Mundial contra el C\u00e1ncer, es la oportunidad para generar conciencia sanitaria sobre esta enfermedad. Desde el Ministerio de Salud de la Provincia, las distintas \u00e1reas, programas y establecimientos desarrollan acciones de promoci\u00f3n de h\u00e1bitos saludables, prevenci\u00f3n y control.<\/p>\n<p>\u201cLa fecha nos ayuda a que la gente vaya tomando conciencia de la importancia de prevenir, reconocer y evitar los factores que pueden llevar a un diagn\u00f3stico de c\u00e1ncer, sabiendo que los tratamientos precoces ayudan a una buena evoluci\u00f3n\u201d, reflexion\u00f3 Marcelo Ram\u00edrez, jefe de Enfermer\u00eda del servicio de Oncolog\u00eda del hospital San Mart\u00edn. En este sentido detall\u00f3: \u201cEl c\u00e1ncer es la mutaci\u00f3n gen\u00e9tica de una c\u00e9lula, detectarlo en tiempo oportuno es posible\u201d.<\/p>\n<p>Cabe aclarar que adem\u00e1s de la tarea espec\u00edficamente asistencial, el servicio se dedica a promocionar los h\u00e1bitos de cuidado y los controles m\u00e9dicos peri\u00f3dicos. \u201cDe lo que se trata \u2013explic\u00f3 Ram\u00edrez\u2013 es de favorecer una alimentaci\u00f3n equilibrada y sin excesos; evitar el sedentarismo y el tabaquismo; prestar atenci\u00f3n a otros factores de riesgo tales como la exposici\u00f3n a radiaciones y sustancias cancer\u00edgenas como los agroqu\u00edmicos\u201d.<\/p>\n<p>Ram\u00edrez puntualiz\u00f3 que cada nuevo tratamiento o droga requiere la adecuaci\u00f3n de los controles de enfermer\u00eda, lo que implica capacitaciones continuas para, adem\u00e1s de prevenir, disminuir las reacciones adversas producidas por el tratamiento.<\/p>\n<p>El profesional refiri\u00f3 adem\u00e1s que la visita anual al ginec\u00f3logo es fundamental para evitar c\u00e1nceres de mama y cuello de \u00fatero, as\u00ed como los an\u00e1lisis de virus de papiloma humano (VPH).<\/p>\n<p>El servicio en coincidencia con otras \u00e1reas del nosocomio, no s\u00f3lo se dedica a lo asistencial sino tambi\u00e9n a brindar charlas abiertas a la comunidad.<\/p>\n<p>&nbsp;<\/p>\n<p><strong>Datos para tener en cuenta<\/strong><\/p>\n<p>&#8211; Durante 2019 el Ministerio de Salud efectu\u00f3 una instancia de formaci\u00f3n profesional dictada por el Instituto Provincial del C\u00e1ncer (IPC) en articulaci\u00f3n con su par nacional (INC). En el mismo se abordaron temas de introducci\u00f3n a la oncolog\u00eda, los c\u00e1nceres de los cuales hay programas organizados como cuello, mama y colon; cuidados paliativos, psicooncolog\u00eda y nutrici\u00f3n del enfermo oncol\u00f3gico; a los que se sum\u00f3 la supervisi\u00f3n de la calidad y seguridad en los procedimientos oncol\u00f3gicos. El curso anual, declarado de Inter\u00e9s Ministerial (Resoluci\u00f3n N\u00b0 1737), y avalado por la Facultad de Ciencias M\u00e9dicas de la Universidad Nacional del Litoral (UNL), estuvo destinado a m\u00e9dicos, residentes y estudiantes.<\/p>\n<p>&nbsp;<\/p>\n<p>&#8211; Adem\u00e1s, desde el IPC se han impulsado formaciones espec\u00edficas sobre c\u00e1ncer de cuello de \u00fatero, mama, colon y cuidados paliativos, dictadas en diferentes instancias y lugares de la provincia. Asimismo, se capacit\u00f3 a dos onc\u00f3logos que asesoran al IPC en asesoramiento gen\u00e9tico en c\u00e1ncer familiar, a fin de que este a\u00f1o se pueda conformar un nodo destinado a dicho tema.<\/p>\n<p>&nbsp;<\/p>\n<p>&#8211; Se convoc\u00f3 a una radiof\u00edsica del INC, quien evalu\u00f3 los mam\u00f3grafos de los hospitales San Mart\u00edn de Paran\u00e1 y San Blas de Nogoy\u00e1. Referido a c\u00e1ncer de mama, se trabaja para profundizar las redes de derivaci\u00f3n y tratamiento durante 2020, as\u00ed como continuar con la validaci\u00f3n de todos los mam\u00f3grafos de la provincia.<\/p>\n<p>&nbsp;<\/p>\n<p>&#8211; Se comenz\u00f3 a repartir test de sangre oculta en materia fecal en los hospitales y centros de salud del departamento La Paz y se organiz\u00f3 la log\u00edstica con el hospital San Mart\u00edn para que las personas que requieran colonoscopias puedan acudir contando con el turno protegido, y habiendo realizando la preparaci\u00f3n previa en su ciudad de origen. Esta modalidad de trabajo se comenz\u00f3 a replicar en los centros de salud de la capital provincial, y se prev\u00e9 continuar expandiendo la distribuci\u00f3n de test as\u00ed como la derivaci\u00f3n para colonoscopia a todas las localidades de la costa del Paran\u00e1.<\/p>\n<p>&nbsp;<\/p>\n<p>&#8211; Se avanza en la conformaci\u00f3n de la red de cuidados paliativos incorporando a distintos hospitales de la provincia al acceso a medicaci\u00f3n opioide provista por el Programa Nacional de Cuidados Paliativos, sosteniendo un riguroso registro de lo que se receta y dispensa.<\/p>\n<p>&nbsp;<\/p>\n<p>&#8211; Para el presente a\u00f1o se espera recibir test de Virus del Papiloma Humano (VPH) aproximadamente en abril. Se prev\u00e9 que ser\u00e1 un a\u00f1o de trabajo intenso por la organizaci\u00f3n que implicar\u00e1 esta nueva modalidad de trabajo: se le realizar\u00e1 la prueba a todas las mujeres entre 30 y 65 a\u00f1os que no cuenten con obra social juntamente con la toma del papanicolaou, debiendo enviar ambas muestras al laboratorio \u00fanico de VPH de la provincia, en el hospital San Martin.<\/p>\n<p>&nbsp;<\/p>\n<p>&#8211; Tanto en mama como en colon se incorporar\u00e1n \u201cnavegadores\u201d: individuos de los equipos de salud que se dedican a buscar y contactar pacientes, mejorando de este modo el acceso a los diagn\u00f3sticos y tratamientos. Este trabajo ya se viene realizando desde hace a\u00f1os en c\u00e1ncer de cuello de \u00fatero.<\/p>\n<p>&nbsp;<\/p>\n<p><strong>Incidencia<\/strong><\/p>\n<p>De acuerdo a los datos de incidencia y mortalidad cada 100.000 habitantes en Entre R\u00edos, en el caso de las mujeres los tres principales tipos de c\u00e1ncer que se detectan son: Mama (con una incidencia del 64,8; y mortalidad de 18,1); colon (incidencia de 21,3; y mortalidad de 9,5) y cuello de \u00fatero (incidencia 17,1; mortalidad 3,8). En tanto en varones, los mayores n\u00fameros de casos se registran en los c\u00e1nceres de pr\u00f3stata (incidencia 50,3; mortalidad 17,9); pulm\u00f3n (incidencia 35,2; mortalidad 35,9) y colon (incidencia 28,3 mortalidad 15,4).<\/p>\n<p>&nbsp;<\/p>\n<p><strong>C\u00f3mo prevenir el c\u00e1ncer, una enfermedad cr\u00f3nica no transmisible<\/strong><\/p>\n<p>Atendiendo a las medidas de prevenci\u00f3n del c\u00e1ncer, Salud recomienda:<\/p>\n<ul>\n<li>Mantener un peso adecuado; comer verduras y frutas; controlar el consumo de alcohol y tabaco.<\/li>\n<li>Vacunar a los chicos de 11 a\u00f1os contra el VPH.<\/li>\n<li>Hacerse un Papanicolaou por lo menos cada dos a\u00f1os, a partir de los 25 a\u00f1os.<\/li>\n<li>Hacerse una mamograf\u00eda a partir de los 50 a\u00f1os, cada dos a\u00f1os.<\/li>\n<li>Hacerse el test de sangre oculta en materia fecal a partir de los 50 a\u00f1os.<\/li>\n<li>Cuidarse de la exposici\u00f3n al sol.<\/li>\n<li>Atender a la seguridad en los ambientes de trabajo.<\/li>\n<li>Consultar al m\u00e9dico de cabecera ante cualquier s\u00edntoma.<\/li>\n<\/ul>\n","protected":false},"excerpt":{"rendered":"<p>En el D\u00eda Mundial contra el C\u00e1ncer, Salud recuerda la importancia de los h\u00e1bitos de vida saludable y los controles peri\u00f3dicos para la detecci\u00f3n precoz y los tratamientos oportunos de esta enfermedad que se puede prevenir, tratar y curar &nbsp; &nbsp; Cada 4 de febrero, D\u00eda Mundial contra el C\u00e1ncer, es la oportunidad para generar conciencia sanitaria sobre esta enfermedad. Desde el Ministerio de Salud de la Provincia, las distintas \u00e1reas, programas y establecimientos desarrollan acciones de promoci\u00f3n de h\u00e1bitos saludables, prevenci\u00f3n y control. \u201cLa fecha nos ayuda a que&#8230;<\/p>\n","protected":false},"author":3,"featured_media":57363,"comment_status":"closed","ping_status":"closed","sticky":false,"template":"","format":"standard","meta":[],"categories":[15],"tags":[],"_links":{"self":[{"href":"https:\/\/www.actualidadadiario.com\/index.php\/wp-json\/wp\/v2\/posts\/57362"}],"collection":[{"href":"https:\/\/www.actualidadadiario.com\/index.php\/wp-json\/wp\/v2\/posts"}],"about":[{"href":"https:\/\/www.actualidadadiario.com\/index.php\/wp-json\/wp\/v2\/types\/post"}],"author":[{"embeddable":true,"href":"https:\/\/www.actualidadadiario.com\/index.php\/wp-json\/wp\/v2\/users\/3"}],"replies":[{"embeddable":true,"href":"https:\/\/www.actualidadadiario.com\/index.php\/wp-json\/wp\/v2\/comments?post=57362"}],"version-history":[{"count":1,"href":"https:\/\/www.actualidadadiario.com\/index.php\/wp-json\/wp\/v2\/posts\/57362\/revisions"}],"predecessor-version":[{"id":57364,"href":"https:\/\/www.actualidadadiario.com\/index.php\/wp-json\/wp\/v2\/posts\/57362\/revisions\/57364"}],"wp:featuredmedia":[{"embeddable":true,"href":"https:\/\/www.actualidadadiario.com\/index.php\/wp-json\/wp\/v2\/media\/57363"}],"wp:attachment":[{"href":"https:\/\/www.actualidadadiario.com\/index.php\/wp-json\/wp\/v2\/media?parent=57362"}],"wp:term":[{"taxonomy":"category","embeddable":true,"href":"https:\/\/www.actualidadadiario.com\/index.php\/wp-json\/wp\/v2\/categories?post=57362"},{"taxonomy":"post_tag","embeddable":true,"href":"https:\/\/www.actualidadadiario.com\/index.php\/wp-json\/wp\/v2\/tags?post=57362"}],"curies":[{"name":"wp","href":"https:\/\/api.w.org\/{rel}","templated":true}]}}