{"id":57354,"date":"2020-02-04T12:35:55","date_gmt":"2020-02-04T15:35:55","guid":{"rendered":"https:\/\/www.actualidadadiario.com\/?p=57354"},"modified":"2020-02-04T12:35:55","modified_gmt":"2020-02-04T15:35:55","slug":"registro-de-adoptantes-abrio-la-primera-inscripcion-de-2020","status":"publish","type":"post","link":"https:\/\/www.actualidadadiario.com\/index.php\/2020\/02\/04\/registro-de-adoptantes-abrio-la-primera-inscripcion-de-2020\/","title":{"rendered":"Registro de Adoptantes: abri\u00f3 la primera inscripci\u00f3n de 2020"},"content":{"rendered":"<p style=\"text-align: center;\"><em><strong>Este martes 4 de febrero, y durante diez d\u00edas h\u00e1biles, se encontrar\u00e1 abierta la primera convocatoria del a\u00f1o 2020 del Registro \u00danico de Aspirantes a Guarda con Fines Adoptivos de la Provincia de Entre R\u00edos (RUAER), a los fines de recibir solicitudes de inscripci\u00f3n<\/strong><\/em><\/p>\n<p>&nbsp;<\/p>\n<p>&nbsp;<\/p>\n<p>Aquellas personas interesadas deber\u00e1n concurrir en dicho plazo a la sede del RUAER -sita en calle Santa Fe N\u00ba 278 de la ciudad de Paran\u00e1- o a la Defensor\u00eda P\u00fablica m\u00e1s cercana a su domicilio, acompa\u00f1ando D.N.I., y documentaci\u00f3n que acredite su domicilio actual y una residencia efectiva en la Provincia de Entre R\u00edos por un t\u00e9rmino no menor a los dos a\u00f1os.<\/p>\n<p>Acreditado esto, se les notificar\u00e1 la fecha, hora y lugar de un encuentro informativo que ser\u00e1 grupal y obligatorio y estar\u00e1 a cargo de profesionales del Registro, en el cual se brindar\u00e1n datos referentes al tr\u00e1mite que involucra la inscripci\u00f3n, como as\u00ed tambi\u00e9n la realidad provincial en materia de adopci\u00f3n.<\/p>\n<p>Finalizado el mismo, quienes asistan quedar\u00e1n habilitados para presentar el Formulario de declaraci\u00f3n jurada de solicitud de inscripci\u00f3n y cumplimentar con la totalidad de los requisitos previstos por la ley para ello, que pueden consultarse en la p\u00e1gina del RUAER en el siguiente enlace:http:\/\/mpd.jusentrerios.gov.ar\/.<\/p>\n<p>Cumplida esta etapa, corresponder\u00e1 la intervenci\u00f3n del equipo t\u00e9cnico interdisciplinario para realizar el proceso de evaluaci\u00f3n.<\/p>\n<p>Quienes est\u00e9n interesados en registrarse deben dirigirse a calle Santa Fe N\u00ba 278, Paran\u00e1, de lunes a viernes de 7:00 a 13:00 ; comunicarse al tel\u00e9fono 0343 4209575\/576; escribir al correo electr\u00f3nico ruaer@jusentrerios.gov.ar; p\u00e1gina web: mpd.jusentrerios.gov.ar; Instagram: @ruaer_mpd o v\u00eda Facebook: Registro de Adoptantes de Entre R\u00edos \u2013 RUAER.<\/p>\n","protected":false},"excerpt":{"rendered":"<p>Este martes 4 de febrero, y durante diez d\u00edas h\u00e1biles, se encontrar\u00e1 abierta la primera convocatoria del a\u00f1o 2020 del Registro \u00danico de Aspirantes a Guarda con Fines Adoptivos de la Provincia de Entre R\u00edos (RUAER), a los fines de recibir solicitudes de inscripci\u00f3n &nbsp; &nbsp; Aquellas personas interesadas deber\u00e1n concurrir en dicho plazo a la sede del RUAER -sita en calle Santa Fe N\u00ba 278 de la ciudad de Paran\u00e1- o a la Defensor\u00eda P\u00fablica m\u00e1s cercana a su domicilio, acompa\u00f1ando D.N.I., y documentaci\u00f3n que acredite su domicilio actual&#8230;<\/p>\n","protected":false},"author":3,"featured_media":44065,"comment_status":"closed","ping_status":"closed","sticky":false,"template":"","format":"standard","meta":[],"categories":[15],"tags":[],"_links":{"self":[{"href":"https:\/\/www.actualidadadiario.com\/index.php\/wp-json\/wp\/v2\/posts\/57354"}],"collection":[{"href":"https:\/\/www.actualidadadiario.com\/index.php\/wp-json\/wp\/v2\/posts"}],"about":[{"href":"https:\/\/www.actualidadadiario.com\/index.php\/wp-json\/wp\/v2\/types\/post"}],"author":[{"embeddable":true,"href":"https:\/\/www.actualidadadiario.com\/index.php\/wp-json\/wp\/v2\/users\/3"}],"replies":[{"embeddable":true,"href":"https:\/\/www.actualidadadiario.com\/index.php\/wp-json\/wp\/v2\/comments?post=57354"}],"version-history":[{"count":1,"href":"https:\/\/www.actualidadadiario.com\/index.php\/wp-json\/wp\/v2\/posts\/57354\/revisions"}],"predecessor-version":[{"id":57355,"href":"https:\/\/www.actualidadadiario.com\/index.php\/wp-json\/wp\/v2\/posts\/57354\/revisions\/57355"}],"wp:featuredmedia":[{"embeddable":true,"href":"https:\/\/www.actualidadadiario.com\/index.php\/wp-json\/wp\/v2\/media\/44065"}],"wp:attachment":[{"href":"https:\/\/www.actualidadadiario.com\/index.php\/wp-json\/wp\/v2\/media?parent=57354"}],"wp:term":[{"taxonomy":"category","embeddable":true,"href":"https:\/\/www.actualidadadiario.com\/index.php\/wp-json\/wp\/v2\/categories?post=57354"},{"taxonomy":"post_tag","embeddable":true,"href":"https:\/\/www.actualidadadiario.com\/index.php\/wp-json\/wp\/v2\/tags?post=57354"}],"curies":[{"name":"wp","href":"https:\/\/api.w.org\/{rel}","templated":true}]}}