{"id":57351,"date":"2020-02-04T12:35:14","date_gmt":"2020-02-04T15:35:14","guid":{"rendered":"https:\/\/www.actualidadadiario.com\/?p=57351"},"modified":"2020-02-04T12:35:14","modified_gmt":"2020-02-04T15:35:14","slug":"el-10-de-febrero-arroyo-presentara-la-tarjeta-alimentar-en-parana","status":"publish","type":"post","link":"https:\/\/www.actualidadadiario.com\/index.php\/2020\/02\/04\/el-10-de-febrero-arroyo-presentara-la-tarjeta-alimentar-en-parana\/","title":{"rendered":"El 10 de febrero Arroyo presentar\u00e1 la Tarjeta Alimentar en Paran\u00e1"},"content":{"rendered":"<p style=\"text-align: center;\"><em><strong>La Tarjeta Alimentar, que forma parte del Plan Argentina contra el Hambre, ser\u00e1 presentada en Paran\u00e1 el lunes pr\u00f3ximo, 10 de febrero \u00b7 El ministro de Desarrollo Social de la Naci\u00f3n, Daniel Arroyo, llegar\u00e1 a la capital entrerriana para firmar el convenio marco, inform\u00f3 la vicegobernadora Laura Stratta<\/strong><\/em><\/p>\n<p>&nbsp;<\/p>\n<p>&nbsp;<\/p>\n<p>\u201cEl 10 de febrero est\u00e1 viniendo el Ministro de Desarrollo Social para firmar el convenio marco\u201d, se\u00f1al\u00f3 la Vicegobernadora en declaraciones brindadas este lunes a los medios.<\/p>\n<p>\u201cEst\u00e1bamos esper\u00e1ndola con muchas expectativas\u201d, remarc\u00f3 luego y destac\u00f3 la implementaci\u00f3n de estas pol\u00edticas alimentarias. \u201cLos ni\u00f1os y ni\u00f1as de la provincia necesitan que llegue esta pol\u00edtica p\u00fablica nacional\u201d, subray\u00f3 al respecto.<\/p>\n<p>La Tarjeta Alimentar se lanz\u00f3 a nivel nacional en Concordia en diciembre pasado. En ese momento se entreg\u00f3 el pl\u00e1stico a una primera tanda de beneficiarios.<\/p>\n<p>&nbsp;<\/p>\n<p><strong>Tarjeta Alimentar<\/strong><\/p>\n<p>Es una tarjeta de d\u00e9bito que permite al beneficiario realizar compra de alimentos en cualquier negocio de la ciudad que utilice sistema Posnet \/ Lapos. Permite realizar s\u00f3lo compras de alimentos, no estando habilitada para compra de bebidas alcoh\u00f3licas u otros productos. Es intransferible y no permite extraer dinero en efectivo de cajeros autom\u00e1ticos; s\u00f3lo est\u00e1 habilitada para la compra en comercios.<\/p>\n<p>Para determinar los beneficiarios, el Gobierno nacional cruz\u00f3 las bases de datos de ANSES y de Asignaci\u00f3n Universal por Hijo, y determin\u00f3 los beneficiarios. Las tarjetas llegan impresas y con destinatario asignado. No hay que inscribirse ni anotarse previamente en ning\u00fan lado.<\/p>\n<p>La reciben madres y padres con hijos e hijas de hasta 6 a\u00f1os que reciben la AUH. Embarazadas a partir de los tres meses de gestaci\u00f3n que reciben AUH y personas con discapacidad que reciben AUH.<\/p>\n","protected":false},"excerpt":{"rendered":"<p>La Tarjeta Alimentar, que forma parte del Plan Argentina contra el Hambre, ser\u00e1 presentada en Paran\u00e1 el lunes pr\u00f3ximo, 10 de febrero \u00b7 El ministro de Desarrollo Social de la Naci\u00f3n, Daniel Arroyo, llegar\u00e1 a la capital entrerriana para firmar el convenio marco, inform\u00f3 la vicegobernadora Laura Stratta &nbsp; &nbsp; \u201cEl 10 de febrero est\u00e1 viniendo el Ministro de Desarrollo Social para firmar el convenio marco\u201d, se\u00f1al\u00f3 la Vicegobernadora en declaraciones brindadas este lunes a los medios. \u201cEst\u00e1bamos esper\u00e1ndola con muchas expectativas\u201d, remarc\u00f3 luego y destac\u00f3 la implementaci\u00f3n de estas&#8230;<\/p>\n","protected":false},"author":3,"featured_media":57352,"comment_status":"closed","ping_status":"closed","sticky":false,"template":"","format":"standard","meta":[],"categories":[15],"tags":[],"_links":{"self":[{"href":"https:\/\/www.actualidadadiario.com\/index.php\/wp-json\/wp\/v2\/posts\/57351"}],"collection":[{"href":"https:\/\/www.actualidadadiario.com\/index.php\/wp-json\/wp\/v2\/posts"}],"about":[{"href":"https:\/\/www.actualidadadiario.com\/index.php\/wp-json\/wp\/v2\/types\/post"}],"author":[{"embeddable":true,"href":"https:\/\/www.actualidadadiario.com\/index.php\/wp-json\/wp\/v2\/users\/3"}],"replies":[{"embeddable":true,"href":"https:\/\/www.actualidadadiario.com\/index.php\/wp-json\/wp\/v2\/comments?post=57351"}],"version-history":[{"count":1,"href":"https:\/\/www.actualidadadiario.com\/index.php\/wp-json\/wp\/v2\/posts\/57351\/revisions"}],"predecessor-version":[{"id":57353,"href":"https:\/\/www.actualidadadiario.com\/index.php\/wp-json\/wp\/v2\/posts\/57351\/revisions\/57353"}],"wp:featuredmedia":[{"embeddable":true,"href":"https:\/\/www.actualidadadiario.com\/index.php\/wp-json\/wp\/v2\/media\/57352"}],"wp:attachment":[{"href":"https:\/\/www.actualidadadiario.com\/index.php\/wp-json\/wp\/v2\/media?parent=57351"}],"wp:term":[{"taxonomy":"category","embeddable":true,"href":"https:\/\/www.actualidadadiario.com\/index.php\/wp-json\/wp\/v2\/categories?post=57351"},{"taxonomy":"post_tag","embeddable":true,"href":"https:\/\/www.actualidadadiario.com\/index.php\/wp-json\/wp\/v2\/tags?post=57351"}],"curies":[{"name":"wp","href":"https:\/\/api.w.org\/{rel}","templated":true}]}}