{"id":57348,"date":"2020-02-04T12:34:26","date_gmt":"2020-02-04T15:34:26","guid":{"rendered":"https:\/\/www.actualidadadiario.com\/?p=57348"},"modified":"2020-02-04T12:34:26","modified_gmt":"2020-02-04T15:34:26","slug":"decomisaron-carne-vacuna-en-operativos-de-fiscalizacion","status":"publish","type":"post","link":"https:\/\/www.actualidadadiario.com\/index.php\/2020\/02\/04\/decomisaron-carne-vacuna-en-operativos-de-fiscalizacion\/","title":{"rendered":"Decomisaron carne vacuna en operativos de fiscalizaci\u00f3n"},"content":{"rendered":"<p style=\"text-align: center;\"><em><strong>Desde el Ministerio de Producci\u00f3n incrementan tareas de fiscalizaci\u00f3n en distintos puntos de la provincia. En ese sentido se decomisaron cortes de carne vacuna que eran comercializados y transportados fuera de lo estipulado por la normativa vigente<\/strong><\/em><\/p>\n<p>&nbsp;<\/p>\n<p>&nbsp;<\/p>\n<p>La semana pasada se llev\u00f3 adelante un operativo de control de rutina en la ruta Nacional N\u00ba 12, a la altura del Aut\u00f3dromo de la ciudad de Paran\u00e1, en el marco del cual se intercept\u00f3 un veh\u00edculo que transportaba medias reses vacunas y cortes varios de carne con hueso. Se comprob\u00f3 que la temperatura de las mismas era considerablemente superior a la permitida en decreto reglamentario de la Ley provincial de Carnes N\u00ba 7292, vigente en la provincia, por lo que se labr\u00f3 el acta de infracci\u00f3n respectiva y se procedi\u00f3 al decomiso y posterior donaci\u00f3n de los productos c\u00e1rnicos a instituciones de bien p\u00fablico, tal cual lo autoriza la legislaci\u00f3n mencionada.<\/p>\n<p>Por otra parte, en lo que respecta a la pesca comercial, desde el organismo provincial se realizaron operativos de rutina en distintas zonas del departamento Diamante, como son La Azotea, puerto de diamante y puerto Las Cuevas. En la oportunidad, y con la colaboraci\u00f3n de la Polic\u00eda de Entre R\u00edos, se efectu\u00f3 el decomiso de 800 kg de la especie s\u00e1balo a bordo de una camioneta no habilitada para transportar dicha mercader\u00eda y sin la correspondiente gu\u00eda de tr\u00e1nsito que ampare su procedencia. Por constatarse infracci\u00f3n a la Ley provincial de pesca y resoluciones complementarias, se labr\u00f3 el acta correspondiente y se procedi\u00f3 a la desnaturalizaci\u00f3n de la mercader\u00eda transportada.<\/p>\n<p>Se reitera que, en lo que respecta a la venta minorista establecida en la Ley de Pesca N\u00aa 4892, personal de la Direcci\u00f3n General de Fiscalizaci\u00f3n, dependiente de la Secretar\u00eda de Agricultura y Ganader\u00eda, realiz\u00f3 diversos operativos de control en pescader\u00edas y locales de venta de pescado. Seg\u00fan la normativa vigente los locales deben contar obligatoriamente con la habilitaci\u00f3n otorgada por el organismo provincial. A su vez, en los operativos se fiscaliza que las especies puestas a la venta cumplimenten con las tallas m\u00ednimas exigidas por la legislaci\u00f3n. Las tallas exigidas son: armado, 30 cm; bagre amarillo, 20 cm; boga, 42 cm; dorado, 65 cm; manduv\u00e9, 30 cm; moncholo, 30 cm; pat\u00ed, 40 cm; tararira, 42 cm.<\/p>\n<p>Se recuerda que para la especie surub\u00ed rige la veda absoluta hasta el 15 de marzo pr\u00f3ximo, que la talla m\u00ednima permitida es de 75 cm y que la venta solo puede ser hecha en forma directa al p\u00fablico por parte de pescadores artesanales seg\u00fan lo dispone la Resoluci\u00f3n N\u00ba 276, complementaria de la Ley de Pesca N\u00ba 4892. Asimismo, se recuerda tambi\u00e9n que las pescader\u00edas y locales de venta minorista deber\u00e1n exhibir con car\u00e1cter obligatorio, en lugar visible para el p\u00fablico, un cartel con la leyenda \u201cno compre pescado que mida menos de\u201d y a continuaci\u00f3n la lista de especies y sus medidas m\u00ednimas.<\/p>\n","protected":false},"excerpt":{"rendered":"<p>Desde el Ministerio de Producci\u00f3n incrementan tareas de fiscalizaci\u00f3n en distintos puntos de la provincia. En ese sentido se decomisaron cortes de carne vacuna que eran comercializados y transportados fuera de lo estipulado por la normativa vigente &nbsp; &nbsp; La semana pasada se llev\u00f3 adelante un operativo de control de rutina en la ruta Nacional N\u00ba 12, a la altura del Aut\u00f3dromo de la ciudad de Paran\u00e1, en el marco del cual se intercept\u00f3 un veh\u00edculo que transportaba medias reses vacunas y cortes varios de carne con hueso. Se comprob\u00f3&#8230;<\/p>\n","protected":false},"author":3,"featured_media":57349,"comment_status":"closed","ping_status":"closed","sticky":false,"template":"","format":"standard","meta":[],"categories":[15],"tags":[],"_links":{"self":[{"href":"https:\/\/www.actualidadadiario.com\/index.php\/wp-json\/wp\/v2\/posts\/57348"}],"collection":[{"href":"https:\/\/www.actualidadadiario.com\/index.php\/wp-json\/wp\/v2\/posts"}],"about":[{"href":"https:\/\/www.actualidadadiario.com\/index.php\/wp-json\/wp\/v2\/types\/post"}],"author":[{"embeddable":true,"href":"https:\/\/www.actualidadadiario.com\/index.php\/wp-json\/wp\/v2\/users\/3"}],"replies":[{"embeddable":true,"href":"https:\/\/www.actualidadadiario.com\/index.php\/wp-json\/wp\/v2\/comments?post=57348"}],"version-history":[{"count":1,"href":"https:\/\/www.actualidadadiario.com\/index.php\/wp-json\/wp\/v2\/posts\/57348\/revisions"}],"predecessor-version":[{"id":57350,"href":"https:\/\/www.actualidadadiario.com\/index.php\/wp-json\/wp\/v2\/posts\/57348\/revisions\/57350"}],"wp:featuredmedia":[{"embeddable":true,"href":"https:\/\/www.actualidadadiario.com\/index.php\/wp-json\/wp\/v2\/media\/57349"}],"wp:attachment":[{"href":"https:\/\/www.actualidadadiario.com\/index.php\/wp-json\/wp\/v2\/media?parent=57348"}],"wp:term":[{"taxonomy":"category","embeddable":true,"href":"https:\/\/www.actualidadadiario.com\/index.php\/wp-json\/wp\/v2\/categories?post=57348"},{"taxonomy":"post_tag","embeddable":true,"href":"https:\/\/www.actualidadadiario.com\/index.php\/wp-json\/wp\/v2\/tags?post=57348"}],"curies":[{"name":"wp","href":"https:\/\/api.w.org\/{rel}","templated":true}]}}