{"id":57345,"date":"2020-02-04T12:33:43","date_gmt":"2020-02-04T15:33:43","guid":{"rendered":"https:\/\/www.actualidadadiario.com\/?p=57345"},"modified":"2020-02-04T12:33:43","modified_gmt":"2020-02-04T15:33:43","slug":"el-ministerio-de-salud-de-la-nacion-y-iosper-coinciden-que-el-sistema-de-salud-esta-en-riesgo","status":"publish","type":"post","link":"https:\/\/www.actualidadadiario.com\/index.php\/2020\/02\/04\/el-ministerio-de-salud-de-la-nacion-y-iosper-coinciden-que-el-sistema-de-salud-esta-en-riesgo\/","title":{"rendered":"El Ministerio de Salud de la Naci\u00f3n y Iosper coinciden que el sistema de salud est\u00e1 en riesgo"},"content":{"rendered":"<p style=\"text-align: center;\"><em><strong>Los avances tecnol\u00f3gicos, el alto costo de la industria del medicamento y los lobbies de los sectores empresariales, ponen en riesgo el actual sistema solidario de salud, afirm\u00f3 el presidente del Directorio Obrero del Instituto de Obra Social de la Provincia de Entre R\u00edos (Iosper), Fernando Ca\u00f1ete, quien se\u00f1al\u00f3 que el Ministro de Salud de la Naci\u00f3n, Gin\u00e9s Gonz\u00e1lez Garc\u00eda, coincidi\u00f3 en la advertencia que viene realizando desde hace a\u00f1os<\/strong><\/em><\/p>\n<p>&nbsp;<\/p>\n<p>&nbsp;<\/p>\n<p>Ca\u00f1ete indic\u00f3 que Gonz\u00e1lez Garc\u00eda, en una entrevista en un medio nacional, afirm\u00f3 d\u00edas atr\u00e1s que &#8220;el problema es que se est\u00e1 fundiendo el sistema de salud y no estoy exagerando, est\u00e1n atentando contra la posibilidad de que sigan atendiendo a todos, lo hace para atender a poquitos y sin ning\u00fan criterio\u201d. \u201cEl ministro de Salud de la Naci\u00f3n, Gin\u00e9s Gonz\u00e1lez Garc\u00eda, coincidi\u00f3 con mis advertencias, respecto de que el sistema de salud est\u00e1 en riesgo\u201d, dijo Ca\u00f1ete.<\/p>\n<p>Si el Gobierno nacional no pone coto, \u201cse seguir\u00e1 poniendo en riesgo el sistema solidario, porque los avances tecnol\u00f3gicos, el alto costo de la industria del medicamento y los lobbies de los sectores empresariales, a quienes no les interesa la evaluaci\u00f3n del costo beneficio, permiten que entre pocos se lleven un porcentaje important\u00edsimo del presupuesto de todos los dem\u00e1s\u201d, confirm\u00f3 Ca\u00f1ete.<\/p>\n<p>El funcionario destac\u00f3 que la sucesi\u00f3n de demandas con situaciones legales at\u00edpicas \u2013algunas extempor\u00e1neas- obligan al Iosper a destinar un porcentaje importante de su presupuesto poniendo en riesgo el sistema solidario de salud. \u201cEl hecho de brindar cobertura a tratamientos de alto costo, a trav\u00e9s de amparos judiciales, hace peligrar prestaciones para el resto de los afiliados\u201d, dijo y se\u00f1al\u00f3 que \u201ces importante que el mismo ministro de Salud de la Naci\u00f3n reconozca que el sistema de salud, planteado como est\u00e1, se est\u00e1 fundiendo\u201d.<\/p>\n<p>Ca\u00f1ete advirti\u00f3 que el sistema entr\u00f3 en \u201czona de colapso\u201d, y record\u00f3 que \u201clas leyes especiales, que no aportan recursos extras para el organismo, y la judicializaci\u00f3n, consumen el 15 por ciento del presupuesto de Iosper. Lo que desnaturalizan los recursos de la Obra Social son las Leyes especiales, los nuevos medicamentos y su alto costo, las pr\u00f3tesis, la judicializaci\u00f3n de la salud, el pago de prestaciones que no le incumben a la Obra Social, por ejemplo, maestros integradores, ya que el Consejo General de Educaci\u00f3n (CGE) tiene presupuesto para afrontar erogaciones de esa naturaleza, y otras, donde la familia se desentiende del enfermo y el resto de los afiliados deben hacerse cargo, por ejemplo, geri\u00e1tricos y cuidadores\u201d.<\/p>\n","protected":false},"excerpt":{"rendered":"<p>Los avances tecnol\u00f3gicos, el alto costo de la industria del medicamento y los lobbies de los sectores empresariales, ponen en riesgo el actual sistema solidario de salud, afirm\u00f3 el presidente del Directorio Obrero del Instituto de Obra Social de la Provincia de Entre R\u00edos (Iosper), Fernando Ca\u00f1ete, quien se\u00f1al\u00f3 que el Ministro de Salud de la Naci\u00f3n, Gin\u00e9s Gonz\u00e1lez Garc\u00eda, coincidi\u00f3 en la advertencia que viene realizando desde hace a\u00f1os &nbsp; &nbsp; Ca\u00f1ete indic\u00f3 que Gonz\u00e1lez Garc\u00eda, en una entrevista en un medio nacional, afirm\u00f3 d\u00edas atr\u00e1s que &#8220;el problema&#8230;<\/p>\n","protected":false},"author":3,"featured_media":57346,"comment_status":"closed","ping_status":"closed","sticky":false,"template":"","format":"standard","meta":[],"categories":[9],"tags":[],"_links":{"self":[{"href":"https:\/\/www.actualidadadiario.com\/index.php\/wp-json\/wp\/v2\/posts\/57345"}],"collection":[{"href":"https:\/\/www.actualidadadiario.com\/index.php\/wp-json\/wp\/v2\/posts"}],"about":[{"href":"https:\/\/www.actualidadadiario.com\/index.php\/wp-json\/wp\/v2\/types\/post"}],"author":[{"embeddable":true,"href":"https:\/\/www.actualidadadiario.com\/index.php\/wp-json\/wp\/v2\/users\/3"}],"replies":[{"embeddable":true,"href":"https:\/\/www.actualidadadiario.com\/index.php\/wp-json\/wp\/v2\/comments?post=57345"}],"version-history":[{"count":1,"href":"https:\/\/www.actualidadadiario.com\/index.php\/wp-json\/wp\/v2\/posts\/57345\/revisions"}],"predecessor-version":[{"id":57347,"href":"https:\/\/www.actualidadadiario.com\/index.php\/wp-json\/wp\/v2\/posts\/57345\/revisions\/57347"}],"wp:featuredmedia":[{"embeddable":true,"href":"https:\/\/www.actualidadadiario.com\/index.php\/wp-json\/wp\/v2\/media\/57346"}],"wp:attachment":[{"href":"https:\/\/www.actualidadadiario.com\/index.php\/wp-json\/wp\/v2\/media?parent=57345"}],"wp:term":[{"taxonomy":"category","embeddable":true,"href":"https:\/\/www.actualidadadiario.com\/index.php\/wp-json\/wp\/v2\/categories?post=57345"},{"taxonomy":"post_tag","embeddable":true,"href":"https:\/\/www.actualidadadiario.com\/index.php\/wp-json\/wp\/v2\/tags?post=57345"}],"curies":[{"name":"wp","href":"https:\/\/api.w.org\/{rel}","templated":true}]}}