{"id":57342,"date":"2020-02-04T12:32:56","date_gmt":"2020-02-04T15:32:56","guid":{"rendered":"https:\/\/www.actualidadadiario.com\/?p=57342"},"modified":"2020-02-04T12:32:56","modified_gmt":"2020-02-04T15:32:56","slug":"el-gobierno-nacional-avanza-con-entre-rios-en-asistir-al-sistema-previsional","status":"publish","type":"post","link":"https:\/\/www.actualidadadiario.com\/index.php\/2020\/02\/04\/el-gobierno-nacional-avanza-con-entre-rios-en-asistir-al-sistema-previsional\/","title":{"rendered":"El gobierno nacional avanza con Entre R\u00edos en asistir al sistema previsional"},"content":{"rendered":"<p style=\"text-align: center;\"><em><strong>El gobernador Gustavo Bordet avanz\u00f3 con el Jefe de Gabinete de la Naci\u00f3n, Santiago Cafiero y el director Ejecutivo de Anses, Alejandro Vanoli, sobre la deuda del ejercicio 2018 seg\u00fan lo dispuesto en la Ley Nacional N\u00ba 27260, de asistencia econ\u00f3mica a las provincias que tienen Cajas de Jubilaciones<\/strong><\/em><\/p>\n<p>&nbsp;<\/p>\n<p>&nbsp;<\/p>\n<p>\u201cValoramos esta decisi\u00f3n del gobierno nacional que demuestra en los hechos un tratamiento igualitario y equitativo. Compartimos una misma concepci\u00f3n no s\u00f3lo pol\u00edtica sino pragm\u00e1tica sobre el desarrollo federal de nuestra Argentina\u201d, dijo al respecto este lunes el mandatario entrerriano en la Casa Rosada.<\/p>\n<p>En tanto, el presidente de la Caja de Jubilaciones, Daniel El\u00edas, quien particip\u00f3 del encuentro, dijo que con el acuerdo &#8220;el gobierno nacional saldar\u00e1 las cuentas de la provincia de Entre R\u00edos en materia previsional que estuvieran pendientes de cumplimiento al 10 de diciembre de 2019&#8221;.<\/p>\n<p>El\u00edas resalt\u00f3 que &#8220;la provincia lleg\u00f3 a esta instancia producto no s\u00f3lo del reconocimiento pol\u00edtico a la gesti\u00f3n del gobernador, sino tambi\u00e9n porque Entre R\u00edos termin\u00f3 el trabajo t\u00e9cnico para llegar a esta instancia&#8221;.<\/p>\n<p>\u201cLa provincia est\u00e1 entre las que lidera el cumplimiento de todas las transferencias de datos, los procedimientos y acciones administrativas y t\u00e9cnicas que requiere este proceso para lograr este tipo de acuerdos\u201d, resalt\u00f3.<\/p>\n<p>El\u00edas se\u00f1al\u00f3 que \u00e9ste &#8220;es un eslab\u00f3n m\u00e1s del ejercicio que tiene el gobierno provincial, transparente, ordenado desde lo t\u00e9cnico y que le permite justamente acceder a este tipo de reconocimientos no s\u00f3lo porque hay una fuerte voluntad pol\u00edtica del gobierno nacional actual en dar cumplimiento sino porque adem\u00e1s\u00a0 es una provincia que cumple con los requerimientos t\u00e9cnicos&#8221;.<\/p>\n","protected":false},"excerpt":{"rendered":"<p>El gobernador Gustavo Bordet avanz\u00f3 con el Jefe de Gabinete de la Naci\u00f3n, Santiago Cafiero y el director Ejecutivo de Anses, Alejandro Vanoli, sobre la deuda del ejercicio 2018 seg\u00fan lo dispuesto en la Ley Nacional N\u00ba 27260, de asistencia econ\u00f3mica a las provincias que tienen Cajas de Jubilaciones &nbsp; &nbsp; \u201cValoramos esta decisi\u00f3n del gobierno nacional que demuestra en los hechos un tratamiento igualitario y equitativo. Compartimos una misma concepci\u00f3n no s\u00f3lo pol\u00edtica sino pragm\u00e1tica sobre el desarrollo federal de nuestra Argentina\u201d, dijo al respecto este lunes el mandatario&#8230;<\/p>\n","protected":false},"author":3,"featured_media":57343,"comment_status":"closed","ping_status":"closed","sticky":false,"template":"","format":"standard","meta":[],"categories":[9],"tags":[],"_links":{"self":[{"href":"https:\/\/www.actualidadadiario.com\/index.php\/wp-json\/wp\/v2\/posts\/57342"}],"collection":[{"href":"https:\/\/www.actualidadadiario.com\/index.php\/wp-json\/wp\/v2\/posts"}],"about":[{"href":"https:\/\/www.actualidadadiario.com\/index.php\/wp-json\/wp\/v2\/types\/post"}],"author":[{"embeddable":true,"href":"https:\/\/www.actualidadadiario.com\/index.php\/wp-json\/wp\/v2\/users\/3"}],"replies":[{"embeddable":true,"href":"https:\/\/www.actualidadadiario.com\/index.php\/wp-json\/wp\/v2\/comments?post=57342"}],"version-history":[{"count":1,"href":"https:\/\/www.actualidadadiario.com\/index.php\/wp-json\/wp\/v2\/posts\/57342\/revisions"}],"predecessor-version":[{"id":57344,"href":"https:\/\/www.actualidadadiario.com\/index.php\/wp-json\/wp\/v2\/posts\/57342\/revisions\/57344"}],"wp:featuredmedia":[{"embeddable":true,"href":"https:\/\/www.actualidadadiario.com\/index.php\/wp-json\/wp\/v2\/media\/57343"}],"wp:attachment":[{"href":"https:\/\/www.actualidadadiario.com\/index.php\/wp-json\/wp\/v2\/media?parent=57342"}],"wp:term":[{"taxonomy":"category","embeddable":true,"href":"https:\/\/www.actualidadadiario.com\/index.php\/wp-json\/wp\/v2\/categories?post=57342"},{"taxonomy":"post_tag","embeddable":true,"href":"https:\/\/www.actualidadadiario.com\/index.php\/wp-json\/wp\/v2\/tags?post=57342"}],"curies":[{"name":"wp","href":"https:\/\/api.w.org\/{rel}","templated":true}]}}