{"id":57338,"date":"2020-01-30T12:20:18","date_gmt":"2020-01-30T15:20:18","guid":{"rendered":"https:\/\/www.actualidadadiario.com\/?p=57338"},"modified":"2020-01-30T12:20:18","modified_gmt":"2020-01-30T15:20:18","slug":"de-mendiguren-debuto-en-el-bice-con-la-lupa-sobre-cabrera-y-vicentin","status":"publish","type":"post","link":"https:\/\/www.actualidadadiario.com\/index.php\/2020\/01\/30\/de-mendiguren-debuto-en-el-bice-con-la-lupa-sobre-cabrera-y-vicentin\/","title":{"rendered":"De Mendiguren debut\u00f3 en el BICE con la lupa sobre Cabrera y Vicentin"},"content":{"rendered":"<p style=\"text-align: center;\"><em><strong>Con el decreto de designaci\u00f3n a la firma de Fern\u00e1ndez, presidi\u00f3 simb\u00f3licamente una reuni\u00f3n de directorio y encarg\u00f3 una auditor\u00eda de la gesti\u00f3n anterior por gastos y pr\u00e9stamos. Un Scioli en el equipo<\/strong><\/em><\/p>\n<p>&nbsp;<\/p>\n<p>&nbsp;<\/p>\n<p>El presidente de la C\u00e1mara de Diputados, Sergio Massa, confirm\u00f3 que el diputado Jos\u00e9 Ignacio De Mendiguren tomar\u00e1 licencia en su banca, sin goce de sueldo, para asumir la presidencia del Banco BICE. Mientras se espera que el presidente Alberto Fern\u00e1ndez firme el decreto de nombramiento antes de partir hacia Roma, &#8220;El Vasco\u201d ya arranc\u00f3 de manera simb\u00f3lica su gesti\u00f3n al frente de la entidad y tiene armado el organigrama de colaboradores y gerentes.<\/p>\n<p>El martes comand\u00f3 su primera reuni\u00f3n de directorio con una idea inicial: encarg\u00f3 una auditor\u00eda interna a los gastos y pr\u00e9stamos de la gesti\u00f3n anterior, a cargo del ex ministro de Producci\u00f3n macrista Francisco \u201cPancho\u201d Cabrera. Y pidi\u00f3 prestarle mucha atenci\u00f3n al cr\u00e9dito que el BICE le otorg\u00f3 a la aceitera Vicentin, envuelta en un esc\u00e1ndalo por los desembolsos de dinero que le hicieron entidades p\u00fablicas, entre ellas, el Banco Naci\u00f3n. \u201cQueremos ver c\u00f3mo se us\u00f3 la plata\u201d, aseguraron en el entorno de De Mendiguren.<\/p>\n<p>El tambi\u00e9n directivo de la Uni\u00f3n Industrial (UIA) les avis\u00f3 a los propios que quiere un banco que preste y ayude a la producci\u00f3n, para lo que primero deber\u00e1n revisar en qu\u00e9 condiciones est\u00e1 la entidad.<\/p>\n<p>De Mendiguren estar\u00e1 secundando por un hist\u00f3rico hombre de su confianza, que ya fue presidente del BICE, como Miguel Peirano. Fern\u00e1ndez puso en el directorio al abogado Javier Musso, del estudio de Esteban \u201cBeb\u00e9\u201d Righi, y a Kelly Olmos, hist\u00f3rica dirigente del peronismo porte\u00f1o. Tambi\u00e9n estar\u00e1n Nicol\u00e1s Scioli, hermano menor del ex gobernador bonaerense, y el duhaldista Carlos Brown. El presidente del BICE se lleva, por \u00faltimo, una de las joyas t\u00e9cnicas de la UIA, el economista Gabriel Vienni.<\/p>\n","protected":false},"excerpt":{"rendered":"<p>Con el decreto de designaci\u00f3n a la firma de Fern\u00e1ndez, presidi\u00f3 simb\u00f3licamente una reuni\u00f3n de directorio y encarg\u00f3 una auditor\u00eda de la gesti\u00f3n anterior por gastos y pr\u00e9stamos. Un Scioli en el equipo &nbsp; &nbsp; El presidente de la C\u00e1mara de Diputados, Sergio Massa, confirm\u00f3 que el diputado Jos\u00e9 Ignacio De Mendiguren tomar\u00e1 licencia en su banca, sin goce de sueldo, para asumir la presidencia del Banco BICE. Mientras se espera que el presidente Alberto Fern\u00e1ndez firme el decreto de nombramiento antes de partir hacia Roma, &#8220;El Vasco\u201d ya arranc\u00f3&#8230;<\/p>\n","protected":false},"author":3,"featured_media":57339,"comment_status":"closed","ping_status":"closed","sticky":false,"template":"","format":"standard","meta":[],"categories":[18],"tags":[],"_links":{"self":[{"href":"https:\/\/www.actualidadadiario.com\/index.php\/wp-json\/wp\/v2\/posts\/57338"}],"collection":[{"href":"https:\/\/www.actualidadadiario.com\/index.php\/wp-json\/wp\/v2\/posts"}],"about":[{"href":"https:\/\/www.actualidadadiario.com\/index.php\/wp-json\/wp\/v2\/types\/post"}],"author":[{"embeddable":true,"href":"https:\/\/www.actualidadadiario.com\/index.php\/wp-json\/wp\/v2\/users\/3"}],"replies":[{"embeddable":true,"href":"https:\/\/www.actualidadadiario.com\/index.php\/wp-json\/wp\/v2\/comments?post=57338"}],"version-history":[{"count":1,"href":"https:\/\/www.actualidadadiario.com\/index.php\/wp-json\/wp\/v2\/posts\/57338\/revisions"}],"predecessor-version":[{"id":57340,"href":"https:\/\/www.actualidadadiario.com\/index.php\/wp-json\/wp\/v2\/posts\/57338\/revisions\/57340"}],"wp:featuredmedia":[{"embeddable":true,"href":"https:\/\/www.actualidadadiario.com\/index.php\/wp-json\/wp\/v2\/media\/57339"}],"wp:attachment":[{"href":"https:\/\/www.actualidadadiario.com\/index.php\/wp-json\/wp\/v2\/media?parent=57338"}],"wp:term":[{"taxonomy":"category","embeddable":true,"href":"https:\/\/www.actualidadadiario.com\/index.php\/wp-json\/wp\/v2\/categories?post=57338"},{"taxonomy":"post_tag","embeddable":true,"href":"https:\/\/www.actualidadadiario.com\/index.php\/wp-json\/wp\/v2\/tags?post=57338"}],"curies":[{"name":"wp","href":"https:\/\/api.w.org\/{rel}","templated":true}]}}