{"id":57332,"date":"2020-01-30T12:12:14","date_gmt":"2020-01-30T15:12:14","guid":{"rendered":"https:\/\/www.actualidadadiario.com\/?p=57332"},"modified":"2020-01-30T12:12:14","modified_gmt":"2020-01-30T15:12:14","slug":"la-oms-llama-al-mundo-entero-a-actuar-ante-el-alarmante-brote-del-coronavirus","status":"publish","type":"post","link":"https:\/\/www.actualidadadiario.com\/index.php\/2020\/01\/30\/la-oms-llama-al-mundo-entero-a-actuar-ante-el-alarmante-brote-del-coronavirus\/","title":{"rendered":"La OMS llama al mundo entero a actuar ante el alarmante brote del coronavirus"},"content":{"rendered":"<p style=\"text-align: center;\"><em><strong>El organismo inst\u00f3 a &#8220;actuar&#8221; para prevenir el contagio a lo largo y ancho del planeta<\/strong><\/em><\/p>\n<p>&nbsp;<\/p>\n<p>&nbsp;<\/p>\n<p>La Organizaci\u00f3n Mundial de la Salud (OMS) inst\u00f3 en las \u00faltimas horas a los Gobiernos de todo el mundo a \u201cestar alerta\u201d y a \u201cactuar\u201d para prevenir el contagio del coronavirus. La convocatoria del organismo es incluso para las naciones que todav\u00eda no registraron casos de la neumon\u00eda de Wuhan.<\/p>\n<p>\u201cEl mundo entero tiene que actuar\u201d, le enfatiz\u00f3 a la prensa Michael Ryan, titular del Programa de Emergencias de la entidad. Mientras que el director general del ente, Tedros Adhanom Ghebreyesus, escribi\u00f3 desde su Twitter: \u201cHe decidido reunir de nuevo ma\u00f1ana el Comit\u00e9 de urgencia del reglamento sanitario internacional sobre el nuevo coronavirus, para que me aconsejen sobre la cuesti\u00f3n de si la epidemia actual constituye una urgencia de salud p\u00fablica de alcance internacional\u201d.<\/p>\n<p>\u201cLa mayor\u00eda de los m\u00e1s de 6.000 casos del nuevo coronavirus se encuentran en China, Solamente el 1%, es decir 68 casos, fueron registrados al d\u00eda de hoy en otros 15 pa\u00edses. Sin embargo, el riesgo de propagaci\u00f3n global es la raz\u00f3n por la que convoqu\u00e9 al CE (Comit\u00e9 de Emergencia)\u201d, agreg\u00f3.<\/p>\n<p>A su vez, la web de la OMS public\u00f3 un comunicado oficial: \u201cEl director general de la Organizaci\u00f3n Mundial de la Salud, Dr. Tedros Adhanom Ghebreyesus, ha convocado de nuevo, en virtud del Reglamento Sanitario Internacional (RSI (2005)), el Comit\u00e9 de Emergencias sobre el nuevo coronavirus (2019-nCoV) para el jueves 30 de enero. Est\u00e1 previsto que la reuni\u00f3n se inicie a las 13.30, hora de Ginebra\u201d.<\/p>\n<p>\u201cEl comit\u00e9 transmitir\u00e1 al director general su opini\u00f3n sobre si el brote constituye una emergencia de salud p\u00fablica de importancia internacional (ESPII) y las recomendaciones que deber\u00edan formularse para gestionarla. La decisi\u00f3n que tome el director general tras el asesoramiento del comit\u00e9 y las recomendaciones pertinentes, se har\u00e1n p\u00fablicas en el sitio web de la OMS y a trav\u00e9s de una rueda de prensa\u201d, finaliz\u00f3 la misiva.<\/p>\n","protected":false},"excerpt":{"rendered":"<p>El organismo inst\u00f3 a &#8220;actuar&#8221; para prevenir el contagio a lo largo y ancho del planeta &nbsp; &nbsp; La Organizaci\u00f3n Mundial de la Salud (OMS) inst\u00f3 en las \u00faltimas horas a los Gobiernos de todo el mundo a \u201cestar alerta\u201d y a \u201cactuar\u201d para prevenir el contagio del coronavirus. La convocatoria del organismo es incluso para las naciones que todav\u00eda no registraron casos de la neumon\u00eda de Wuhan. \u201cEl mundo entero tiene que actuar\u201d, le enfatiz\u00f3 a la prensa Michael Ryan, titular del Programa de Emergencias de la entidad. Mientras&#8230;<\/p>\n","protected":false},"author":3,"featured_media":57333,"comment_status":"closed","ping_status":"closed","sticky":false,"template":"","format":"standard","meta":[],"categories":[4],"tags":[],"_links":{"self":[{"href":"https:\/\/www.actualidadadiario.com\/index.php\/wp-json\/wp\/v2\/posts\/57332"}],"collection":[{"href":"https:\/\/www.actualidadadiario.com\/index.php\/wp-json\/wp\/v2\/posts"}],"about":[{"href":"https:\/\/www.actualidadadiario.com\/index.php\/wp-json\/wp\/v2\/types\/post"}],"author":[{"embeddable":true,"href":"https:\/\/www.actualidadadiario.com\/index.php\/wp-json\/wp\/v2\/users\/3"}],"replies":[{"embeddable":true,"href":"https:\/\/www.actualidadadiario.com\/index.php\/wp-json\/wp\/v2\/comments?post=57332"}],"version-history":[{"count":1,"href":"https:\/\/www.actualidadadiario.com\/index.php\/wp-json\/wp\/v2\/posts\/57332\/revisions"}],"predecessor-version":[{"id":57334,"href":"https:\/\/www.actualidadadiario.com\/index.php\/wp-json\/wp\/v2\/posts\/57332\/revisions\/57334"}],"wp:featuredmedia":[{"embeddable":true,"href":"https:\/\/www.actualidadadiario.com\/index.php\/wp-json\/wp\/v2\/media\/57333"}],"wp:attachment":[{"href":"https:\/\/www.actualidadadiario.com\/index.php\/wp-json\/wp\/v2\/media?parent=57332"}],"wp:term":[{"taxonomy":"category","embeddable":true,"href":"https:\/\/www.actualidadadiario.com\/index.php\/wp-json\/wp\/v2\/categories?post=57332"},{"taxonomy":"post_tag","embeddable":true,"href":"https:\/\/www.actualidadadiario.com\/index.php\/wp-json\/wp\/v2\/tags?post=57332"}],"curies":[{"name":"wp","href":"https:\/\/api.w.org\/{rel}","templated":true}]}}