{"id":57313,"date":"2020-01-30T12:05:59","date_gmt":"2020-01-30T15:05:59","guid":{"rendered":"https:\/\/www.actualidadadiario.com\/?p=57313"},"modified":"2020-01-30T12:05:59","modified_gmt":"2020-01-30T15:05:59","slug":"asi-sera-la-abultada-agenda-de-alberto-fernandez-en-europa","status":"publish","type":"post","link":"https:\/\/www.actualidadadiario.com\/index.php\/2020\/01\/30\/asi-sera-la-abultada-agenda-de-alberto-fernandez-en-europa\/","title":{"rendered":"As\u00ed ser\u00e1 la abultada agenda de Alberto Fern\u00e1ndez en Europa"},"content":{"rendered":"<p style=\"text-align: center;\"><em><strong>Con modificaciones en el itinerario original, la semana que el Presidente pasar\u00e1 en el viejo continente a partir del jueves incluye reuniones con l\u00edderes mundiales en las que buscar\u00e1 apoyo para la reestructuraci\u00f3n con la deuda. El encuentro con el Papa Francisco y la posible presencia de Mart\u00edn Guzm\u00e1n<\/strong><\/em><\/p>\n<p>&nbsp;<\/p>\n<p>&nbsp;<\/p>\n<p>Alberto Fern\u00e1ndez recorrer\u00e1 Europa a partir de este jueves y durante una semana para reunirse con l\u00edderes mundiales en los que buscar\u00e1 apoyos claves para la reestructuraci\u00f3n de la deuda argentina. Tambi\u00e9n viajar\u00e1 el ministro de Econom\u00eda, Mart\u00edn Guzm\u00e1n, aunque esto no est\u00e1 confirmado y habr\u00e1 un encuentro con el Papa Francisco.<\/p>\n<p>El jueves llegar\u00e1 a Roma junto a \u00a0su pareja, Fabiola Y\u00e1nez; el canciller, Felipe Sol\u00e1, el secretario de Asuntos Estrat\u00e9gicos, Gustavo B\u00e9liz, la ministra de Justicia, Marcela Losardo, el Secretario de Culto, Guillermo Oliveri y el vocero presidencial, Juan Pablo Biondi.<\/p>\n<p>Seg\u00fan revel\u00f3 Natalia Vaccarezza, la primera reuni\u00f3n oficial ser\u00e1 el jueves a las 16.30 de Italia con el director ejecutivo del Programa Mundial de Alimentos de las Naciones Unidas, David Beasley. Hablar\u00e1n sobre el Plan contra el Hambre.<\/p>\n<p>El viernes ser\u00e1 momento del encuentro cumbre con el Papa Francisco. El mismo se desarrollar\u00e1 en el Palacio Apost\u00f3lico. Se espera que haya alguna menci\u00f3n sobre la cuesti\u00f3n de la deuda. \u201cLa agenda ser\u00e1 abierta\u201d, aseguran desde Canciller\u00eda.<\/p>\n<p>Por la tarde, ser\u00e1 el turno del primer ministro Giuseppe Conte -16 hs- y con el presidente de Italia, Sergio Mattarella,\u00a0 a las 17 hs. Luego recibir\u00e1 a referentes de Derechos Humanos italianos.\u00a0 La \u00faltima actividad en Roma incluir\u00e1 al titular de la Organizaci\u00f3n de las Naciones Unidas para la Alimentaci\u00f3n y la Agricultura, Qu Dongyu.<\/p>\n<p>El lunes, a las 20 de Alemania, Fern\u00e1ndez ver\u00e1 a la Canciller de aquel pa\u00eds, \u00c1ngela Merkel.\u00a0 La b\u00fasqueda a apoyos continuar\u00e1 el martes con el Presidente espa\u00f1ol, Pedro S\u00e1nchez, y con\u00a0 el franc\u00e9s Emmanuel Macron el mi\u00e9rcoles en Par\u00eds.<\/p>\n<p>La gira culminar\u00e1 con una charla en el Instituto de Estudios pol\u00edticos de Francia.<\/p>\n","protected":false},"excerpt":{"rendered":"<p>Con modificaciones en el itinerario original, la semana que el Presidente pasar\u00e1 en el viejo continente a partir del jueves incluye reuniones con l\u00edderes mundiales en las que buscar\u00e1 apoyo para la reestructuraci\u00f3n con la deuda. El encuentro con el Papa Francisco y la posible presencia de Mart\u00edn Guzm\u00e1n &nbsp; &nbsp; Alberto Fern\u00e1ndez recorrer\u00e1 Europa a partir de este jueves y durante una semana para reunirse con l\u00edderes mundiales en los que buscar\u00e1 apoyos claves para la reestructuraci\u00f3n de la deuda argentina. Tambi\u00e9n viajar\u00e1 el ministro de Econom\u00eda, Mart\u00edn Guzm\u00e1n,&#8230;<\/p>\n","protected":false},"author":3,"featured_media":57314,"comment_status":"closed","ping_status":"closed","sticky":false,"template":"","format":"standard","meta":[],"categories":[9],"tags":[],"_links":{"self":[{"href":"https:\/\/www.actualidadadiario.com\/index.php\/wp-json\/wp\/v2\/posts\/57313"}],"collection":[{"href":"https:\/\/www.actualidadadiario.com\/index.php\/wp-json\/wp\/v2\/posts"}],"about":[{"href":"https:\/\/www.actualidadadiario.com\/index.php\/wp-json\/wp\/v2\/types\/post"}],"author":[{"embeddable":true,"href":"https:\/\/www.actualidadadiario.com\/index.php\/wp-json\/wp\/v2\/users\/3"}],"replies":[{"embeddable":true,"href":"https:\/\/www.actualidadadiario.com\/index.php\/wp-json\/wp\/v2\/comments?post=57313"}],"version-history":[{"count":1,"href":"https:\/\/www.actualidadadiario.com\/index.php\/wp-json\/wp\/v2\/posts\/57313\/revisions"}],"predecessor-version":[{"id":57315,"href":"https:\/\/www.actualidadadiario.com\/index.php\/wp-json\/wp\/v2\/posts\/57313\/revisions\/57315"}],"wp:featuredmedia":[{"embeddable":true,"href":"https:\/\/www.actualidadadiario.com\/index.php\/wp-json\/wp\/v2\/media\/57314"}],"wp:attachment":[{"href":"https:\/\/www.actualidadadiario.com\/index.php\/wp-json\/wp\/v2\/media?parent=57313"}],"wp:term":[{"taxonomy":"category","embeddable":true,"href":"https:\/\/www.actualidadadiario.com\/index.php\/wp-json\/wp\/v2\/categories?post=57313"},{"taxonomy":"post_tag","embeddable":true,"href":"https:\/\/www.actualidadadiario.com\/index.php\/wp-json\/wp\/v2\/tags?post=57313"}],"curies":[{"name":"wp","href":"https:\/\/api.w.org\/{rel}","templated":true}]}}