{"id":57310,"date":"2020-01-30T12:05:14","date_gmt":"2020-01-30T15:05:14","guid":{"rendered":"https:\/\/www.actualidadadiario.com\/?p=57310"},"modified":"2020-01-30T12:05:14","modified_gmt":"2020-01-30T15:05:14","slug":"maria-fernanda-silva-sera-la-nueva-embajadora-argentina-en-el-vaticano","status":"publish","type":"post","link":"https:\/\/www.actualidadadiario.com\/index.php\/2020\/01\/30\/maria-fernanda-silva-sera-la-nueva-embajadora-argentina-en-el-vaticano\/","title":{"rendered":"Mar\u00eda Fernanda Silva ser\u00e1 la nueva embajadora argentina en el Vaticano"},"content":{"rendered":"<p style=\"text-align: center;\"><em><strong>Es diplom\u00e1tica de carrera y ser\u00e1 la primera mujer al frente de la embajada ante la Santa Sede<\/strong><\/em><\/p>\n<p>&nbsp;<\/p>\n<p>&nbsp;<\/p>\n<p>Poco antes de que el presidente Alberto Fern\u00e1ndez inicie su viaje a Europa, que tendr\u00e1 su primera escala en el Vaticano para un encuentro personal con el papa Francisco, trascendi\u00f3 en Buenos Aires que Mar\u00eda Fernanda Silva, diplom\u00e1tica de carrera, la primera mujer argentina afrodescendiente incorporada al servicio exterior del pa\u00eds, ser\u00e1 la persona propuesta para ocupar la embajada de nuestro pa\u00eds ante la Santa Sede. El pliego de Silva ser\u00e1 presentado en las pr\u00f3ximas horas en la Nunciatura Apost\u00f3lica para recibir el placet correspondiente.<\/p>\n<p>De esta manera se dejan de lado todas las especulaciones respecto de que el presidente Fern\u00e1ndez consultar\u00eda con el Papa acerca del nombre del o la representante de Argentina ante el Vaticano, algo que nunca estuvo previsto ni en el procedimiento ni en el temario de la agenda con Francisco.<\/p>\n<p>De confirmarse la designaci\u00f3n, Mar\u00eda Fernanda Silva ser\u00e1 la primera mujer en ocupar la titularidad de la embajada argentina ante el Vaticano, un lugar que ya conoce porque fue la segunda en esa delegaci\u00f3n hasta el 2015.<\/p>\n<p>Mar\u00eda Fernanda Silva es cat\u00f3lica, la primera afrodescendiente en el servicio exterior argentino al que ingres\u00f3 hace tres d\u00e9cadas. Entre otros destinos acompa\u00f1\u00f3 tambi\u00e9n a Alicia Castro cuando la dirigente pol\u00edtica estuvo al frente de la embajada en Venezuela, y fue ministra de la embajada en Ecuador, pa\u00eds en el que tambi\u00e9n cumpli\u00f3 funciones ante la secretar\u00eda de UNASUR.<\/p>\n<p>Entre los criterios que habr\u00edan llevado a la canciller\u00eda a proponer su nombre, adem\u00e1s de tomar en cuenta la paridad de g\u00e9nero que se ha impuesto como l\u00ednea de trabajo para todo el gobierno, se consider\u00f3 tambi\u00e9n que Silva se destaca por su militancia en las vertientes populares del catolicismo y por su defensa de los derechos de los migrantes, una de las banderas del papa Francisco desde que asumi\u00f3 su pontificado.<\/p>\n<p>Mar\u00eda Fernanda Silva es descendiente de caboverdianos por parte de padre y madre. Estaba casada y tuvo una hija, pero su matrimonio obtuvo una nulidad can\u00f3nica por parte de la Iglesia Cat\u00f3lica debido a que quien fue su esposo decidi\u00f3 inclinarse por el sacerdocio. Siendo obispo de Buenos Aires, el propio Jorge Bergoglio acompa\u00f1\u00f3 el proceso que culmin\u00f3 con la declaraci\u00f3n de nulidad matrimonial para la pareja, que actu\u00f3 de com\u00fan acuerdo en el tema, y la ordenaci\u00f3n sacerdotal del var\u00f3n. Seg\u00fan el derecho can\u00f3nico, la ley eclesi\u00e1stica, la mujer es soltera.<\/p>\n<p>Debido a la intervenci\u00f3n que Bergoglio tuvo en el proceso eclesi\u00e1stico legal y al acompa\u00f1amiento que hizo de la pareja, y por las funciones anteriores de Silva en la Santa Sede, Francisco conoce personalmente a quien ser\u00eda la nueva embajadora argentina ante el Vaticano.<\/p>\n<p>Con la designaci\u00f3n de la nueva embajadora se estar\u00eda cerrando un cap\u00edtulo que aparej\u00f3 algunos debates en el interior del propio gobierno, a partir del trascendido inicial del nombre de Luis Bellando como representante argentino ante la Santa Sede. La propuesta hab\u00eda recibido objeciones de diversa \u00edndole, incluso algunas adjudicadas a la Iglesia, algo que fue directamente desmentido por las fuentes eclesi\u00e1sticas que se\u00f1alaron que dicha postulaci\u00f3n ni siquiera lleg\u00f3 a considerarse.<\/p>\n<p>Otro de los nombres que se hab\u00eda barajado y que ahora parece finalmente descartado fue el de Mar\u00eda del Carmen Squeff, una diplom\u00e1tica de carrera, embajadora ante Francia desde febrero de 2014 hasta principios de 2016, cuando fue relevada por Mauricio Macri.<\/p>\n","protected":false},"excerpt":{"rendered":"<p>Es diplom\u00e1tica de carrera y ser\u00e1 la primera mujer al frente de la embajada ante la Santa Sede &nbsp; &nbsp; Poco antes de que el presidente Alberto Fern\u00e1ndez inicie su viaje a Europa, que tendr\u00e1 su primera escala en el Vaticano para un encuentro personal con el papa Francisco, trascendi\u00f3 en Buenos Aires que Mar\u00eda Fernanda Silva, diplom\u00e1tica de carrera, la primera mujer argentina afrodescendiente incorporada al servicio exterior del pa\u00eds, ser\u00e1 la persona propuesta para ocupar la embajada de nuestro pa\u00eds ante la Santa Sede. El pliego de Silva&#8230;<\/p>\n","protected":false},"author":3,"featured_media":57311,"comment_status":"closed","ping_status":"closed","sticky":false,"template":"","format":"standard","meta":[],"categories":[18],"tags":[],"_links":{"self":[{"href":"https:\/\/www.actualidadadiario.com\/index.php\/wp-json\/wp\/v2\/posts\/57310"}],"collection":[{"href":"https:\/\/www.actualidadadiario.com\/index.php\/wp-json\/wp\/v2\/posts"}],"about":[{"href":"https:\/\/www.actualidadadiario.com\/index.php\/wp-json\/wp\/v2\/types\/post"}],"author":[{"embeddable":true,"href":"https:\/\/www.actualidadadiario.com\/index.php\/wp-json\/wp\/v2\/users\/3"}],"replies":[{"embeddable":true,"href":"https:\/\/www.actualidadadiario.com\/index.php\/wp-json\/wp\/v2\/comments?post=57310"}],"version-history":[{"count":1,"href":"https:\/\/www.actualidadadiario.com\/index.php\/wp-json\/wp\/v2\/posts\/57310\/revisions"}],"predecessor-version":[{"id":57312,"href":"https:\/\/www.actualidadadiario.com\/index.php\/wp-json\/wp\/v2\/posts\/57310\/revisions\/57312"}],"wp:featuredmedia":[{"embeddable":true,"href":"https:\/\/www.actualidadadiario.com\/index.php\/wp-json\/wp\/v2\/media\/57311"}],"wp:attachment":[{"href":"https:\/\/www.actualidadadiario.com\/index.php\/wp-json\/wp\/v2\/media?parent=57310"}],"wp:term":[{"taxonomy":"category","embeddable":true,"href":"https:\/\/www.actualidadadiario.com\/index.php\/wp-json\/wp\/v2\/categories?post=57310"},{"taxonomy":"post_tag","embeddable":true,"href":"https:\/\/www.actualidadadiario.com\/index.php\/wp-json\/wp\/v2\/tags?post=57310"}],"curies":[{"name":"wp","href":"https:\/\/api.w.org\/{rel}","templated":true}]}}