{"id":57307,"date":"2020-01-30T12:04:36","date_gmt":"2020-01-30T15:04:36","guid":{"rendered":"https:\/\/www.actualidadadiario.com\/?p=57307"},"modified":"2020-01-30T12:04:36","modified_gmt":"2020-01-30T15:04:36","slug":"anibal-fernandez-es-el-nuevo-interventor-de-yacimientos-carboniferos-de-rio-turbio","status":"publish","type":"post","link":"https:\/\/www.actualidadadiario.com\/index.php\/2020\/01\/30\/anibal-fernandez-es-el-nuevo-interventor-de-yacimientos-carboniferos-de-rio-turbio\/","title":{"rendered":"An\u00edbal Fern\u00e1ndez es el nuevo interventor de Yacimientos Carbon\u00edferos de R\u00edo Turbio"},"content":{"rendered":"<p style=\"text-align: center;\"><em><strong>La designaci\u00f3n fue anunciada en el Bolet\u00edn Oficial, con firma del presidente Alberto Fern\u00e1ndez<\/strong><\/em><\/p>\n<p>&nbsp;<\/p>\n<p>&nbsp;<\/p>\n<p>El presidente design\u00f3 como nuevo interventor de Yacimientos Carbon\u00edferos de R\u00edo Turbio (YCRT) al exjefe de gabinete de Cristina Kirchner, An\u00edbal Fern\u00e1ndez.<\/p>\n<p>La designaci\u00f3n fue comunicada en el Bolet\u00edn Oficial de este martes y a trav\u00e9s del decreto 119\/2020. Con el nombramiento se resuelve el vac\u00edo que se hab\u00eda generado tras la desvinculaci\u00f3n de Omar Zeid\u00e1n, interventor designado por la gesti\u00f3n de Mauricio Macri.<\/p>\n<p>La propia gobernadora de Santa Cruz (donde se encuentra (YCRT) hab\u00eda subrayado ante Alberto y su jefe de gabinete, Santiago Cafiero, &#8220;la necesidad&#8221; de resolver la acefal\u00eda del organismo oficial.<\/p>\n<p>El pasado 6 de enero An\u00edbal visit\u00f3 al mandatario en la Casa Rosada y, en di\u00e1logo con la prensa antes de ingresar, neg\u00f3 que fuera a dialogar sobre el ofrecimiento de alg\u00fan cargo.<\/p>\n<p>&nbsp;<\/p>\n<p><strong>Texto del decreto de nombramiento<\/strong><\/p>\n<p><em>\u201cResulta necesario garantizar el funcionamiento institucional del YACIMIENTO CARBON\u00cdFERO DE R\u00cdO TURBIO Y DE LOS SERVICIOS FERROPORTUARIOS CON TERMINALES EN PUNTA LOYOLA Y R\u00cdO GALLEGOS, por lo que deviene imperioso relevar de sus funciones al interventor citado y cubrir inmediatamente la vacante correspondiente. El Contador y Doctor An\u00edbal Domingo FERNANDEZ re\u00fane las condiciones necesarias y la idoneidad profesional requerida para desempe\u00f1ar dicha funci\u00f3n\u201d, dice el texto del decreto. (Guillermo P\u00e9rez Luque)YACIMIENTO CARBON\u00cdFERO DE R\u00cdO TURBIO<\/em><\/p>\n<p><em>Decreto 119\/2020<\/em><\/p>\n<p><em>DCTO-2020-119-APN-PTE &#8211; Des\u00edgnase Interventor.<\/em><\/p>\n<p><em>Ciudad de Buenos Aires, 29\/01\/2020<\/em><\/p>\n<p><em>VISTO el Expediente N\u00b0 EX-2020-06253711-APN-DGD#MPYT, los Decretos Nros. 1034 del 14 de junio de 2002 y sus modificatorios; 257 del 26 de enero de 2016, 7 del 10 de diciembre de 2019 y 50 del 19 de diciembre de 2019 y su modificatorio, y<\/em><\/p>\n<p><em>CONSIDERANDO:<\/em><\/p>\n<p><em>Que por el Decreto N\u00ba 257\/16 se design\u00f3 al se\u00f1or Omar Faruk ZEIDAN en el cargo de Interventor del YACIMIENTO CARBON\u00cdFERO DE R\u00cdO TURBIO Y DE LOS SERVICIOS FERROPORTUARIOS CON TERMINALES EN PUNTA LOYOLA Y R\u00cdO GALLEGOS de la Provincia de SANTA CRUZ, el que funcionaba en el \u00e1mbito de la SECRETAR\u00cdA DE MINER\u00cdA del ex MINISTERIO DE ENERG\u00cdA Y MINER\u00cdA, con rango y jerarqu\u00eda de Secretario.<\/em><\/p>\n<p><em>Que por el Decreto N\u00b0 7\/19 se sustituy\u00f3 el art\u00edculo 1\u00b0 de la Ley de Ministerios (texto ordenado por Decreto N\u00b0 438 del 12 de marzo de 1992) y sus modificatorias, y se cre\u00f3, entre otros, el MINISTERIO DE DESARROLLO PRODUCTIVO.<\/em><\/p>\n<p><em>Que por el Decreto N\u00b0 50\/19 se aprobaron el Organigrama de Aplicaci\u00f3n de la Administraci\u00f3n Nacional centralizada hasta nivel de Subsecretar\u00eda y los objetivos de las Unidades Organizativas establecidas en dicho organigrama, entre los que se encuentran los correspondientes a las del citado Ministerio.<\/em><\/p>\n<p><em>Que en virtud de ello, resulta necesario garantizar el funcionamiento institucional del YACIMIENTO CARBON\u00cdFERO DE R\u00cdO TURBIO Y DE LOS SERVICIOS FERROPORTUARIOS CON TERMINALES EN PUNTA LOYOLA Y R\u00cdO GALLEGOS, por lo que deviene imperioso relevar de sus funciones al interventor citado y cubrir inmediatamente la vacante correspondiente.<\/em><\/p>\n<p><em>Que el Contador y Doctor An\u00edbal Domingo FERNANDEZ re\u00fane las condiciones necesarias y la idoneidad profesional requerida para desempe\u00f1ar dicha funci\u00f3n.<\/em><\/p>\n<p><em>Que la DIRECCI\u00d3N GENERAL DE ASUNTOS JUR\u00cdDICOS del MINISTERIO DE DESARROLLO PRODUCTIVO ha tomado la intervenci\u00f3n de su competencia.<\/em><\/p>\n<p><em>Que el presente acto se dicta en uso de las atribuciones conferidas por el art\u00edculo 99 incisos 1 y 7 de la CONSTITUCI\u00d3N NACIONAL.<\/em><\/p>\n<p><em>Por ello,<\/em><\/p>\n<p><em>EL PRESIDENTE DE LA NACI\u00d3N ARGENTINA<\/em><\/p>\n<p><em>DECRETA:<\/em><\/p>\n<p><em>ART\u00cdCULO 1\u00b0.- Disp\u00f3nese el cese en las funciones de Interventor del YACIMIENTO CARBON\u00cdFERO DE R\u00cdO TURBIO Y DE LOS SERVICIOS FERROPORTUARIOS CON TERMINALES EN PUNTA LOYOLA Y R\u00cdO GALLEGOS de la Provincia de SANTA CRUZ, el que funciona en el \u00e1mbito de la SECRETAR\u00cdA DE MINER\u00cdA del MINISTERIO DE DESARROLLO PRODUCTIVO, del se\u00f1or Omar Faruk ZEIDAN (D.N.I. N\u00b0 25.300.836).<\/em><\/p>\n<p><em>ART\u00cdCULO 2\u00b0.- Des\u00edgnase en el cargo de Interventor del YACIMIENTO CARBON\u00cdFERO DE R\u00cdO TURBIO Y DE LOS SERVICIOS FERROPORTUARIOS CON TERMINALES EN PUNTA LOYOLA Y R\u00cdO GALLEGOS de la Provincia de SANTA CRUZ, el que funciona en el \u00e1mbito de la SECRETAR\u00cdA DE MINER\u00cdA del MINISTERIO DE DESARROLLO PRODUCTIVO, con rango y jerarqu\u00eda de Secretario, al Contador y Doctor An\u00edbal Domingo FERNANDEZ (D.N.I. N\u00b0 12.622.480).<\/em><\/p>\n<p><em>ART\u00cdCULO 3\u00b0.- Comun\u00edquese, publ\u00edquese, d\u00e9se a la DIRECCI\u00d3N NACIONAL DEL REGISTRO OFICIAL y arch\u00edvese. FERN\u00c1NDEZ &#8211; Santiago Andr\u00e9s Cafiero &#8211; Mat\u00edas Sebasti\u00e1n Kulfas<\/em><\/p>\n<ol>\n<li><em> 30\/01\/2020 N\u00b0 4328\/20 v. 30\/01\/2020<\/em><\/li>\n<\/ol>\n","protected":false},"excerpt":{"rendered":"<p>La designaci\u00f3n fue anunciada en el Bolet\u00edn Oficial, con firma del presidente Alberto Fern\u00e1ndez &nbsp; &nbsp; El presidente design\u00f3 como nuevo interventor de Yacimientos Carbon\u00edferos de R\u00edo Turbio (YCRT) al exjefe de gabinete de Cristina Kirchner, An\u00edbal Fern\u00e1ndez. La designaci\u00f3n fue comunicada en el Bolet\u00edn Oficial de este martes y a trav\u00e9s del decreto 119\/2020. Con el nombramiento se resuelve el vac\u00edo que se hab\u00eda generado tras la desvinculaci\u00f3n de Omar Zeid\u00e1n, interventor designado por la gesti\u00f3n de Mauricio Macri. La propia gobernadora de Santa Cruz (donde se encuentra (YCRT)&#8230;<\/p>\n","protected":false},"author":3,"featured_media":57308,"comment_status":"closed","ping_status":"closed","sticky":false,"template":"","format":"standard","meta":[],"categories":[9],"tags":[],"_links":{"self":[{"href":"https:\/\/www.actualidadadiario.com\/index.php\/wp-json\/wp\/v2\/posts\/57307"}],"collection":[{"href":"https:\/\/www.actualidadadiario.com\/index.php\/wp-json\/wp\/v2\/posts"}],"about":[{"href":"https:\/\/www.actualidadadiario.com\/index.php\/wp-json\/wp\/v2\/types\/post"}],"author":[{"embeddable":true,"href":"https:\/\/www.actualidadadiario.com\/index.php\/wp-json\/wp\/v2\/users\/3"}],"replies":[{"embeddable":true,"href":"https:\/\/www.actualidadadiario.com\/index.php\/wp-json\/wp\/v2\/comments?post=57307"}],"version-history":[{"count":1,"href":"https:\/\/www.actualidadadiario.com\/index.php\/wp-json\/wp\/v2\/posts\/57307\/revisions"}],"predecessor-version":[{"id":57309,"href":"https:\/\/www.actualidadadiario.com\/index.php\/wp-json\/wp\/v2\/posts\/57307\/revisions\/57309"}],"wp:featuredmedia":[{"embeddable":true,"href":"https:\/\/www.actualidadadiario.com\/index.php\/wp-json\/wp\/v2\/media\/57308"}],"wp:attachment":[{"href":"https:\/\/www.actualidadadiario.com\/index.php\/wp-json\/wp\/v2\/media?parent=57307"}],"wp:term":[{"taxonomy":"category","embeddable":true,"href":"https:\/\/www.actualidadadiario.com\/index.php\/wp-json\/wp\/v2\/categories?post=57307"},{"taxonomy":"post_tag","embeddable":true,"href":"https:\/\/www.actualidadadiario.com\/index.php\/wp-json\/wp\/v2\/tags?post=57307"}],"curies":[{"name":"wp","href":"https:\/\/api.w.org\/{rel}","templated":true}]}}