{"id":5714,"date":"2016-12-12T10:44:54","date_gmt":"2016-12-12T13:44:54","guid":{"rendered":"http:\/\/actualidadadiario.com\/site\/?p=5714"},"modified":"2016-12-12T10:44:54","modified_gmt":"2016-12-12T13:44:54","slug":"sobreviviente-del-accidente-de-chapecoense-no-recuerda-nada-y-pregunto-como-salio-la-final","status":"publish","type":"post","link":"https:\/\/www.actualidadadiario.com\/index.php\/2016\/12\/12\/sobreviviente-del-accidente-de-chapecoense-no-recuerda-nada-y-pregunto-como-salio-la-final\/","title":{"rendered":"Sobreviviente del accidente de Chapecoense no recuerda nada y pregunt\u00f3 c\u00f3mo sali\u00f3 la final"},"content":{"rendered":"<p><em><strong>Uno de los sobrevivientes de la tragedia de Chapecoense, el defensor Helio Neto, fue desconectado del respirador artificial y en sus primeras palabras coment\u00f3 que no sabe que el avi\u00f3n se estrell\u00f3 ni las consecuencias del accidente, mientras que uno de los m\u00e9dicos que lo acompa\u00f1a en su recuperaci\u00f3n cont\u00f3 que el jugador pregunt\u00f3 varias veces c\u00f3mo termin\u00f3 el partido que iban a jugar contra Atl\u00e9tico Nacional por la final de la Copa Sudamericana<\/strong><\/em><\/p>\n<p>&nbsp;<\/p>\n<p>&nbsp;<\/p>\n<p>&nbsp;<\/p>\n<p>&nbsp;<\/p>\n<p>&nbsp;<\/p>\n<p>&nbsp;<\/p>\n<p>&nbsp;<\/p>\n<p>El zaguero de 31 a\u00f1os, uno de los seis sobrevivientes del siniestro a\u00e9reo, ya puede hablar luego de haber sido desconectado de la respiraci\u00f3n artificial y, seg\u00fan consign\u00f3 el medio brasile\u00f1o O&#8217;Globo, asegur\u00f3 a los m\u00e9dicos no acordarse de c\u00f3mo sucedi\u00f3 la tragedia ni qu\u00e9 le caus\u00f3 las lesiones que tiene.<\/p>\n<p>&nbsp;<\/p>\n<p>Asimismo, O&#8217;Globo cit\u00f3 que en varias ocasiones Neto pregunt\u00f3 a los m\u00e9dicos c\u00f3mo termin\u00f3 el partido contra Atl\u00e9tico Nacional.<\/p>\n<p>&nbsp;<\/p>\n<p>Seg\u00fan Carlos Mendon\u00e7a, m\u00e9dico que acompa\u00f1a a los sobrevivientes en Brasil, est\u00e1n trabajando en una &#8220;orientaci\u00f3n psicol\u00f3gica&#8221; para evitar que el jugador sepa lo que pas\u00f3.<\/p>\n<p>&nbsp;<\/p>\n<p>&#8220;Hay una recomendaci\u00f3n de un psic\u00f3logo para no decirle qu\u00e9 ocurri\u00f3 y evitar un choque emocional que ser\u00eda perjudicial para la recuperaci\u00f3n cl\u00ednica actual&#8221;, explic\u00f3 Mendon\u00e7a.<\/p>\n<p>&nbsp;<\/p>\n<p>&#8220;Pudimos retirarle la ventilaci\u00f3n mec\u00e1nica. Contin\u00faa en terapia intensiva, por lo que precisa un acompa\u00f1amiento a toda hora. Las pr\u00f3ximas 48 horas ser\u00e1n importantes, aunque el progreso va bien&#8221;, afirm\u00f3 el m\u00e9dico sobre el estado de salud de Neto.<\/p>\n","protected":false},"excerpt":{"rendered":"<p>Uno de los sobrevivientes de la tragedia de Chapecoense, el defensor Helio Neto, fue desconectado del respirador artificial y en sus primeras palabras coment\u00f3 que no sabe que el avi\u00f3n se estrell\u00f3 ni las consecuencias del accidente, mientras que uno de los m\u00e9dicos que lo acompa\u00f1a en su recuperaci\u00f3n cont\u00f3 que el jugador pregunt\u00f3 varias veces c\u00f3mo termin\u00f3 el partido que iban a jugar contra Atl\u00e9tico Nacional por la final de la Copa Sudamericana &nbsp; &nbsp; &nbsp; &nbsp; &nbsp; &nbsp; &nbsp; El zaguero de 31 a\u00f1os, uno de los seis&#8230;<\/p>\n","protected":false},"author":3,"featured_media":5715,"comment_status":"closed","ping_status":"closed","sticky":false,"template":"","format":"standard","meta":[],"categories":[4],"tags":[],"_links":{"self":[{"href":"https:\/\/www.actualidadadiario.com\/index.php\/wp-json\/wp\/v2\/posts\/5714"}],"collection":[{"href":"https:\/\/www.actualidadadiario.com\/index.php\/wp-json\/wp\/v2\/posts"}],"about":[{"href":"https:\/\/www.actualidadadiario.com\/index.php\/wp-json\/wp\/v2\/types\/post"}],"author":[{"embeddable":true,"href":"https:\/\/www.actualidadadiario.com\/index.php\/wp-json\/wp\/v2\/users\/3"}],"replies":[{"embeddable":true,"href":"https:\/\/www.actualidadadiario.com\/index.php\/wp-json\/wp\/v2\/comments?post=5714"}],"version-history":[{"count":1,"href":"https:\/\/www.actualidadadiario.com\/index.php\/wp-json\/wp\/v2\/posts\/5714\/revisions"}],"predecessor-version":[{"id":5716,"href":"https:\/\/www.actualidadadiario.com\/index.php\/wp-json\/wp\/v2\/posts\/5714\/revisions\/5716"}],"wp:featuredmedia":[{"embeddable":true,"href":"https:\/\/www.actualidadadiario.com\/index.php\/wp-json\/wp\/v2\/media\/5715"}],"wp:attachment":[{"href":"https:\/\/www.actualidadadiario.com\/index.php\/wp-json\/wp\/v2\/media?parent=5714"}],"wp:term":[{"taxonomy":"category","embeddable":true,"href":"https:\/\/www.actualidadadiario.com\/index.php\/wp-json\/wp\/v2\/categories?post=5714"},{"taxonomy":"post_tag","embeddable":true,"href":"https:\/\/www.actualidadadiario.com\/index.php\/wp-json\/wp\/v2\/tags?post=5714"}],"curies":[{"name":"wp","href":"https:\/\/api.w.org\/{rel}","templated":true}]}}