{"id":5675,"date":"2016-12-12T10:30:47","date_gmt":"2016-12-12T13:30:47","guid":{"rendered":"http:\/\/actualidadadiario.com\/site\/?p=5675"},"modified":"2016-12-12T10:30:47","modified_gmt":"2016-12-12T13:30:47","slug":"historico-acuerdo-entre-la-union-europea-y-cuba-pone-fin-a-la-posicion-comun","status":"publish","type":"post","link":"https:\/\/www.actualidadadiario.com\/index.php\/2016\/12\/12\/historico-acuerdo-entre-la-union-europea-y-cuba-pone-fin-a-la-posicion-comun\/","title":{"rendered":"Hist\u00f3rico acuerdo entre la Uni\u00f3n Europea y Cuba pone fin a la &#8220;posici\u00f3n com\u00fan&#8221;"},"content":{"rendered":"<p><em><strong>La Uni\u00f3n Europea (UE) y Cuba firmaron su primer acuerdo bilateral, de di\u00e1logo pol\u00edtico y cooperaci\u00f3n, con el que el bloque comunitario pone fin a la &#8220;posici\u00f3n com\u00fan&#8221; que desde 1996 impon\u00eda una relaci\u00f3n unilateral y restrictiva con la isla<\/strong><\/em><\/p>\n<p>&nbsp;<\/p>\n<p>&nbsp;<\/p>\n<p>&nbsp;<\/p>\n<p>&nbsp;<\/p>\n<p>&nbsp;<\/p>\n<p>&nbsp;<\/p>\n<p>&nbsp;<\/p>\n<p>&nbsp;<\/p>\n<p>&#8220;Hoy reconocemos que hay cambio en Cuba y queremos acompa\u00f1ar este cambio, llevar la relaci\u00f3n a un nuevo nivel&#8221;, indic\u00f3 la alta representante de la UE para la Pol\u00edtica Exterior, Federica Mogherini, en la ceremonia de firma del documento, en la que tambi\u00e9n particip\u00f3 el canciller cubano, Bruno Rodr\u00edguez, y representantes de los 28 pa\u00edses de la Uni\u00f3n.<\/p>\n<p>&nbsp;<\/p>\n<p>El acuerdo &#8220;seguramente contribuya a desarrollar m\u00e1s los v\u00ednculos pol\u00edticos, sociales, financieros, acad\u00e9micos, deportivos y de cooperaci\u00f3n&#8221;, indic\u00f3 Rodr\u00edguez, para quien har\u00e1 adem\u00e1s una &#8220;modesta contribuci\u00f3n al equilibrio, entendimiento, la justicia y la paz en esta \u00e9poca convulsa de crecientes peligros para la especie humana&#8221;.<\/p>\n<p>&nbsp;<\/p>\n<p>Con la firma de este acuerdo la UE y Cuba abren una nueva etapa de relaciones y dejan atr\u00e1s la pol\u00edtica que de manera unilateral los Veintiocho aplicaban a Cuba y que era vista por La Habana como un obst\u00e1culo para normalizar los contactos.<\/p>\n<p>&nbsp;<\/p>\n<p>Mogherini, que antes de firmar el tratado volvi\u00f3 a manifestar sus condolencias por el fallecimiento del l\u00edder cubano Fidel Castro, una &#8220;figura hist\u00f3rica&#8221;, subray\u00f3 que este acuerdo establece &#8220;la primera relaci\u00f3n contractual entre la UE y sus Estados y Cuba&#8221;. &#8220;Damos la vuelta a la p\u00e1gina y hoy empezamos a escribir juntos un nuevo cap\u00edtulo&#8221;, indic\u00f3, y recalc\u00f3 que el Consejo de la UE &#8220;ha decidido revocar la posici\u00f3n com\u00fan de 1996 con efecto a partir de la firma&#8221;.<\/p>\n<p>&nbsp;<\/p>\n<p>Mogherini se\u00f1al\u00f3 que el acuerdo ayudar\u00e1 a las partes a &#8220;aprovechar plenamente el potencial de su di\u00e1logo y cooperaci\u00f3n&#8221; y que es &#8220;el instrumento por el cual la UE puede apoyar mejor la modernizaci\u00f3n social y econ\u00f3mica de Cuba&#8221;.<\/p>\n<p>&nbsp;<\/p>\n<p>Adem\u00e1s, ayudar\u00e1 a &#8220;reforzar la democracia y el respeto de los derechos humanos&#8221; y dar\u00e1 una &#8220;plataforma com\u00fan para la inversi\u00f3n bilateral y cooperar m\u00e1s estrechamente en desaf\u00edos globales como migraci\u00f3n, lucha contra el terrorismo o el cambio clim\u00e1tico&#8221;.<\/p>\n<p>&nbsp;<\/p>\n<p>Rodr\u00edguez puso de manifiesto que &#8220;con buena voluntad y reciprocidad es posible avanzar por encima de las diferencias&#8221;. &#8220;Estamos abiertos a la construcci\u00f3n de una nueva etapa en las relaciones sobre las bases del respeto y la reciprocidad&#8221;, destac\u00f3 el canciller cubano, quien tambi\u00e9n reconoci\u00f3 &#8220;el impulso de las compa\u00f1\u00edas europeas que nos acompa\u00f1aron en los momentos m\u00e1s dif\u00edciles&#8221;.<\/p>\n","protected":false},"excerpt":{"rendered":"<p>La Uni\u00f3n Europea (UE) y Cuba firmaron su primer acuerdo bilateral, de di\u00e1logo pol\u00edtico y cooperaci\u00f3n, con el que el bloque comunitario pone fin a la &#8220;posici\u00f3n com\u00fan&#8221; que desde 1996 impon\u00eda una relaci\u00f3n unilateral y restrictiva con la isla &nbsp; &nbsp; &nbsp; &nbsp; &nbsp; &nbsp; &nbsp; &nbsp; &#8220;Hoy reconocemos que hay cambio en Cuba y queremos acompa\u00f1ar este cambio, llevar la relaci\u00f3n a un nuevo nivel&#8221;, indic\u00f3 la alta representante de la UE para la Pol\u00edtica Exterior, Federica Mogherini, en la ceremonia de firma del documento, en la que&#8230;<\/p>\n","protected":false},"author":3,"featured_media":5676,"comment_status":"closed","ping_status":"closed","sticky":false,"template":"","format":"standard","meta":[],"categories":[4],"tags":[],"_links":{"self":[{"href":"https:\/\/www.actualidadadiario.com\/index.php\/wp-json\/wp\/v2\/posts\/5675"}],"collection":[{"href":"https:\/\/www.actualidadadiario.com\/index.php\/wp-json\/wp\/v2\/posts"}],"about":[{"href":"https:\/\/www.actualidadadiario.com\/index.php\/wp-json\/wp\/v2\/types\/post"}],"author":[{"embeddable":true,"href":"https:\/\/www.actualidadadiario.com\/index.php\/wp-json\/wp\/v2\/users\/3"}],"replies":[{"embeddable":true,"href":"https:\/\/www.actualidadadiario.com\/index.php\/wp-json\/wp\/v2\/comments?post=5675"}],"version-history":[{"count":1,"href":"https:\/\/www.actualidadadiario.com\/index.php\/wp-json\/wp\/v2\/posts\/5675\/revisions"}],"predecessor-version":[{"id":5677,"href":"https:\/\/www.actualidadadiario.com\/index.php\/wp-json\/wp\/v2\/posts\/5675\/revisions\/5677"}],"wp:featuredmedia":[{"embeddable":true,"href":"https:\/\/www.actualidadadiario.com\/index.php\/wp-json\/wp\/v2\/media\/5676"}],"wp:attachment":[{"href":"https:\/\/www.actualidadadiario.com\/index.php\/wp-json\/wp\/v2\/media?parent=5675"}],"wp:term":[{"taxonomy":"category","embeddable":true,"href":"https:\/\/www.actualidadadiario.com\/index.php\/wp-json\/wp\/v2\/categories?post=5675"},{"taxonomy":"post_tag","embeddable":true,"href":"https:\/\/www.actualidadadiario.com\/index.php\/wp-json\/wp\/v2\/tags?post=5675"}],"curies":[{"name":"wp","href":"https:\/\/api.w.org\/{rel}","templated":true}]}}