{"id":5662,"date":"2016-12-12T10:26:58","date_gmt":"2016-12-12T13:26:58","guid":{"rendered":"http:\/\/actualidadadiario.com\/site\/?p=5662"},"modified":"2016-12-12T10:26:58","modified_gmt":"2016-12-12T13:26:58","slug":"la-justicia-no-se-administra-por-opiniones","status":"publish","type":"post","link":"https:\/\/www.actualidadadiario.com\/index.php\/2016\/12\/12\/la-justicia-no-se-administra-por-opiniones\/","title":{"rendered":"&#8220;La Justicia no se administra por opiniones&#8221;"},"content":{"rendered":"<p><em><strong>El secretario general del organismo volvi\u00f3 a pedir la liberaci\u00f3n de la l\u00edder de la Tupac Amaru y compar\u00f3 su situaci\u00f3n con la de Leopoldo L\u00f3pez<\/strong><\/em><\/p>\n<p>&nbsp;<\/p>\n<p>&nbsp;<\/p>\n<p>&nbsp;<\/p>\n<p>&nbsp;<\/p>\n<p>&nbsp;<\/p>\n<p>&nbsp;<\/p>\n<p>Ante la postura inflexible del Gobierno nacional y su aliado juje\u00f1o Gerardo Morales, la OEA subi\u00f3 el tono de la discusi\u00f3n, le contest\u00f3 a Mauricio Macri y volvi\u00f3 a pedir la liberaci\u00f3n de Milagro Sala, a quien compar\u00f3 con el l\u00edder opositor venezolano Leopoldo L\u00f3pez.<\/p>\n<p>&nbsp;<\/p>\n<p>En una entrevista que concedi\u00f3 al matutino La Naci\u00f3n, el secretario general del organismo, el uruguayo Luis Almagro afirm\u00f3: &#8220;La Justicia no se puede administrar por encuestas u opiniones sino en funci\u00f3n de consideraciones objetivas. Por ello, el sistema pol\u00edtico no puede declarar a Milagro Sala culpable&#8221;.<\/p>\n<p>&nbsp;<\/p>\n<p>Los dichos de Almagro son una clara respuesta a los de Macri, para quien &#8220;muchos argentinos&#8221; consideran que Milagro Sala &#8220;cometi\u00f3 delitos&#8221; y por eso justific\u00f3 su detenci\u00f3n sin juicio. El fin de semana, Gerardo Morales fustig\u00f3 a los organismos supranacionales y dijo que Jujuy ten\u00eda &#8220;derecho&#8221; a no compartir la &#8220;opini\u00f3n&#8221; de los mismos.<\/p>\n<p>&nbsp;<\/p>\n<p>Almagro remarc\u00f3 que &#8220;el \u00fanico inter\u00e9s que me mueve es el de los principios interamericanos en materia de derechos humanos&#8221; y agreg\u00f3: &#8220;Da tristeza pensar que hay quienes siempre tienden a buscar alguna otra explicaci\u00f3n y prefieren adherir al mundo de la post-verdad repitiendo mentira tras mentira&#8221;.<\/p>\n<p>&nbsp;<\/p>\n<p>&#8220;Todo el problema en este caso, es de qu\u00e9 lado de los principios te paras. Nada m\u00e1s. Como lo hicimos respecto a Leopoldo L\u00f3pez y a los presos pol\u00edticos en Venezuela&#8221;, enfatiz\u00f3, dejando en claro su postura.<\/p>\n<p>&nbsp;<\/p>\n<p>Consultado si Argentina pod\u00eda recibir sanciones por evadir el mandato de la OEA y la ONU, el diplom\u00e1tico resalt\u00f3 que Argentina &#8220;es un pa\u00eds de profunda vocaci\u00f3n democr\u00e1tica y de defensa de los derechos humanos, especialmente porque a lo largo de su historia sufri\u00f3 oscuros per\u00edodos&#8221; y expres\u00f3 su confianza que &#8220;se actuar\u00e1 con apego a dichos valores&#8221;. &#8220;No deber\u00eda ser tan dif\u00edcil para la Argentina encontrar una soluci\u00f3n para este caso dentro del debido proceso y aceptar el escrutinio internacional&#8221;, estim\u00f3.<\/p>\n","protected":false},"excerpt":{"rendered":"<p>El secretario general del organismo volvi\u00f3 a pedir la liberaci\u00f3n de la l\u00edder de la Tupac Amaru y compar\u00f3 su situaci\u00f3n con la de Leopoldo L\u00f3pez &nbsp; &nbsp; &nbsp; &nbsp; &nbsp; &nbsp; Ante la postura inflexible del Gobierno nacional y su aliado juje\u00f1o Gerardo Morales, la OEA subi\u00f3 el tono de la discusi\u00f3n, le contest\u00f3 a Mauricio Macri y volvi\u00f3 a pedir la liberaci\u00f3n de Milagro Sala, a quien compar\u00f3 con el l\u00edder opositor venezolano Leopoldo L\u00f3pez. &nbsp; En una entrevista que concedi\u00f3 al matutino La Naci\u00f3n, el secretario general&#8230;<\/p>\n","protected":false},"author":3,"featured_media":5663,"comment_status":"closed","ping_status":"closed","sticky":false,"template":"","format":"standard","meta":[],"categories":[9],"tags":[],"_links":{"self":[{"href":"https:\/\/www.actualidadadiario.com\/index.php\/wp-json\/wp\/v2\/posts\/5662"}],"collection":[{"href":"https:\/\/www.actualidadadiario.com\/index.php\/wp-json\/wp\/v2\/posts"}],"about":[{"href":"https:\/\/www.actualidadadiario.com\/index.php\/wp-json\/wp\/v2\/types\/post"}],"author":[{"embeddable":true,"href":"https:\/\/www.actualidadadiario.com\/index.php\/wp-json\/wp\/v2\/users\/3"}],"replies":[{"embeddable":true,"href":"https:\/\/www.actualidadadiario.com\/index.php\/wp-json\/wp\/v2\/comments?post=5662"}],"version-history":[{"count":1,"href":"https:\/\/www.actualidadadiario.com\/index.php\/wp-json\/wp\/v2\/posts\/5662\/revisions"}],"predecessor-version":[{"id":5664,"href":"https:\/\/www.actualidadadiario.com\/index.php\/wp-json\/wp\/v2\/posts\/5662\/revisions\/5664"}],"wp:featuredmedia":[{"embeddable":true,"href":"https:\/\/www.actualidadadiario.com\/index.php\/wp-json\/wp\/v2\/media\/5663"}],"wp:attachment":[{"href":"https:\/\/www.actualidadadiario.com\/index.php\/wp-json\/wp\/v2\/media?parent=5662"}],"wp:term":[{"taxonomy":"category","embeddable":true,"href":"https:\/\/www.actualidadadiario.com\/index.php\/wp-json\/wp\/v2\/categories?post=5662"},{"taxonomy":"post_tag","embeddable":true,"href":"https:\/\/www.actualidadadiario.com\/index.php\/wp-json\/wp\/v2\/tags?post=5662"}],"curies":[{"name":"wp","href":"https:\/\/api.w.org\/{rel}","templated":true}]}}