{"id":5532,"date":"2016-12-07T10:22:59","date_gmt":"2016-12-07T13:22:59","guid":{"rendered":"http:\/\/actualidadadiario.com\/site\/?p=5532"},"modified":"2016-12-07T10:22:59","modified_gmt":"2016-12-07T13:22:59","slug":"el-nuevo-pronostico-de-macri-el-ano-que-viene-la-economia-va-a-empezar-a-crecer","status":"publish","type":"post","link":"https:\/\/www.actualidadadiario.com\/index.php\/2016\/12\/07\/el-nuevo-pronostico-de-macri-el-ano-que-viene-la-economia-va-a-empezar-a-crecer\/","title":{"rendered":"El nuevo pron\u00f3stico de Macri: &#8220;El a\u00f1o que viene la econom\u00eda va a empezar a crecer&#8221;"},"content":{"rendered":"<p><em><strong>El presidente, Mauricio Macri, hizo un nuevo pron\u00f3stico sobre la econom\u00eda, luego de sus predicciones sobre el segundo semestre. &#8220;El a\u00f1o que viene vamos a empezar a crecer&#8221;, asegur\u00f3<\/strong><\/em><\/p>\n<p>&nbsp;<\/p>\n<p>&nbsp;<\/p>\n<p>&nbsp;<\/p>\n<p>&nbsp;<\/p>\n<p>&nbsp;<\/p>\n<p>&nbsp;<\/p>\n<p>As\u00ed lo asever\u00f3 en una entrevista que brind\u00f3 al diario El Liberal de Santiago del Estero, donde explic\u00f3 que &#8220;la expectativa puede haber sido orientada m\u00e1s al aspecto econ\u00f3mico y me hago cargo de lo que me corresponde en ese aspecto, pero la realidad es que la magnitud del desajuste del pa\u00eds al 10 de diciembre era tremenda&#8221;.<\/p>\n<p>&nbsp;<\/p>\n<p>&#8220;Tal vez crean que la Argentina no estaba quebrada. La verdad es que no crec\u00edamos desde hac\u00eda cinco o seis a\u00f1os, nos hab\u00edamos quedado sin energ\u00eda, el pa\u00eds estaba en default, hab\u00eda una deuda en cada armario que habr\u00edamos en la Casa Rosada&#8221;, agreg\u00f3 el Presidente.<\/p>\n<p>&nbsp;<\/p>\n<p>Finalmente, sostuvo que &#8220;todos los economistas coinciden en que el a\u00f1o que viene la econom\u00eda va a empezar a crecer despu\u00e9s de seis a\u00f1os&#8221;,<\/p>\n<p>&nbsp;<\/p>\n<p>En abril de este a\u00f1o, Macri hab\u00eda prometido que la inflaci\u00f3n comenzar\u00eda a bajar &#8220;de forma dr\u00e1stica&#8221; a partir del segundo semestre. Sin embargo, la segunda mitad del a\u00f1o se caracteriz\u00f3 por la fuerte suba en las tarifas y la inflaci\u00f3n no merm\u00f3.<\/p>\n<p>&nbsp;<\/p>\n<p>As\u00ed, el Presidente tuvo que reconocer en su momento que &#8220;tardar\u00e1 un poco m\u00e1s en mejorar la situaci\u00f3n&#8221; y volvi\u00f3 a responsabilizar a la &#8220;pesada herencia&#8221;.<\/p>\n<p>&nbsp;<\/p>\n<p>&#8220;Dije que el segundo semestre iba a ser mejor que el primero, no dije que la Argentina iba a estar con todos sus problemas resueltos en el segundo semestre. Este es un camino largo, las cosas no pasan de un d\u00eda para el otro sino dando peque\u00f1os pasos todos los d\u00edas. Y estamos dando peque\u00f1os pasos todos los d\u00edas&#8221;, declar\u00f3 Macri en julio.<\/p>\n","protected":false},"excerpt":{"rendered":"<p>El presidente, Mauricio Macri, hizo un nuevo pron\u00f3stico sobre la econom\u00eda, luego de sus predicciones sobre el segundo semestre. &#8220;El a\u00f1o que viene vamos a empezar a crecer&#8221;, asegur\u00f3 &nbsp; &nbsp; &nbsp; &nbsp; &nbsp; &nbsp; As\u00ed lo asever\u00f3 en una entrevista que brind\u00f3 al diario El Liberal de Santiago del Estero, donde explic\u00f3 que &#8220;la expectativa puede haber sido orientada m\u00e1s al aspecto econ\u00f3mico y me hago cargo de lo que me corresponde en ese aspecto, pero la realidad es que la magnitud del desajuste del pa\u00eds al 10 de&#8230;<\/p>\n","protected":false},"author":3,"featured_media":5533,"comment_status":"closed","ping_status":"closed","sticky":false,"template":"","format":"standard","meta":[],"categories":[2],"tags":[],"_links":{"self":[{"href":"https:\/\/www.actualidadadiario.com\/index.php\/wp-json\/wp\/v2\/posts\/5532"}],"collection":[{"href":"https:\/\/www.actualidadadiario.com\/index.php\/wp-json\/wp\/v2\/posts"}],"about":[{"href":"https:\/\/www.actualidadadiario.com\/index.php\/wp-json\/wp\/v2\/types\/post"}],"author":[{"embeddable":true,"href":"https:\/\/www.actualidadadiario.com\/index.php\/wp-json\/wp\/v2\/users\/3"}],"replies":[{"embeddable":true,"href":"https:\/\/www.actualidadadiario.com\/index.php\/wp-json\/wp\/v2\/comments?post=5532"}],"version-history":[{"count":1,"href":"https:\/\/www.actualidadadiario.com\/index.php\/wp-json\/wp\/v2\/posts\/5532\/revisions"}],"predecessor-version":[{"id":5534,"href":"https:\/\/www.actualidadadiario.com\/index.php\/wp-json\/wp\/v2\/posts\/5532\/revisions\/5534"}],"wp:featuredmedia":[{"embeddable":true,"href":"https:\/\/www.actualidadadiario.com\/index.php\/wp-json\/wp\/v2\/media\/5533"}],"wp:attachment":[{"href":"https:\/\/www.actualidadadiario.com\/index.php\/wp-json\/wp\/v2\/media?parent=5532"}],"wp:term":[{"taxonomy":"category","embeddable":true,"href":"https:\/\/www.actualidadadiario.com\/index.php\/wp-json\/wp\/v2\/categories?post=5532"},{"taxonomy":"post_tag","embeddable":true,"href":"https:\/\/www.actualidadadiario.com\/index.php\/wp-json\/wp\/v2\/tags?post=5532"}],"curies":[{"name":"wp","href":"https:\/\/api.w.org\/{rel}","templated":true}]}}