{"id":5526,"date":"2016-12-07T10:21:03","date_gmt":"2016-12-07T13:21:03","guid":{"rendered":"http:\/\/actualidadadiario.com\/site\/?p=5526"},"modified":"2016-12-07T10:21:03","modified_gmt":"2016-12-07T13:21:03","slug":"triste-pronostico-en-el-conicet-por-lo-menos-250-jovenes-se-iran-del-pais","status":"publish","type":"post","link":"https:\/\/www.actualidadadiario.com\/index.php\/2016\/12\/07\/triste-pronostico-en-el-conicet-por-lo-menos-250-jovenes-se-iran-del-pais\/","title":{"rendered":"Triste pron\u00f3stico en el CONICET: &#8220;Por lo menos 250 j\u00f3venes se ir\u00e1n del pa\u00eds&#8221;"},"content":{"rendered":"<p><strong><em>Adem\u00e1s desestim\u00f3 los dichos del ministro de Ciencia y Tecnolog\u00eda, Lino Bara\u00f1ao sobre que en 2014 hubo un ingreso extraordinario al organismo<\/em><\/strong><\/p>\n<p>&nbsp;<\/p>\n<p>&nbsp;<\/p>\n<p>&nbsp;<\/p>\n<p>&nbsp;<\/p>\n<p>&nbsp;<\/p>\n<p>&nbsp;<\/p>\n<p>La directora del \u00e1rea de Ciencias Sociales del Consejo Nacional de Investigaciones Cient\u00edficas y T\u00e9cnicas (CONICET), Dora Barrancos, opin\u00f3 que, por la fuerte reducci\u00f3n presupuestaria y el recorte del 60% de los ingresos al organismo &#8220;por lo menos 250 j\u00f3venes que se van a ir del pa\u00eds&#8221;.<\/p>\n<p>&nbsp;<\/p>\n<p>Barrientos adem\u00e1s desestim\u00f3 los dichos del ministro de Ciencia y Tecnolog\u00eda, Lino Bara\u00f1ao, resaltando que en el &#8220;Plan 2020&#8221; se determinaba un incremento en la incorporaci\u00f3n anual de cient\u00edficos del 10% y que &#8220;en 2014 no fue exactamente el 10% y fue compensado para 2015 y 2016&#8221;.<\/p>\n<p>&nbsp;<\/p>\n<p>Adem\u00e1s, detall\u00f3 &#8220;el corte abrupto tiene que ver con el recorte presupuestario&#8221; y que, &#8220;si se compara con un c\u00e1lculo ajustado de inflaci\u00f3n, es una variaci\u00f3n m\u00ednima por lo que no cumple con el Plan 2020&#8221;. Finalmente, dispar\u00f3: &#8220;avizoro es que 250 j\u00f3venes se van a ir del pa\u00eds porque caben muy bien en 1500 laboratorios muy buenos del mundo&#8221;.<\/p>\n","protected":false},"excerpt":{"rendered":"<p>Adem\u00e1s desestim\u00f3 los dichos del ministro de Ciencia y Tecnolog\u00eda, Lino Bara\u00f1ao sobre que en 2014 hubo un ingreso extraordinario al organismo &nbsp; &nbsp; &nbsp; &nbsp; &nbsp; &nbsp; La directora del \u00e1rea de Ciencias Sociales del Consejo Nacional de Investigaciones Cient\u00edficas y T\u00e9cnicas (CONICET), Dora Barrancos, opin\u00f3 que, por la fuerte reducci\u00f3n presupuestaria y el recorte del 60% de los ingresos al organismo &#8220;por lo menos 250 j\u00f3venes que se van a ir del pa\u00eds&#8221;. &nbsp; Barrientos adem\u00e1s desestim\u00f3 los dichos del ministro de Ciencia y Tecnolog\u00eda, Lino Bara\u00f1ao, resaltando&#8230;<\/p>\n","protected":false},"author":3,"featured_media":5527,"comment_status":"closed","ping_status":"closed","sticky":false,"template":"","format":"standard","meta":[],"categories":[18],"tags":[],"_links":{"self":[{"href":"https:\/\/www.actualidadadiario.com\/index.php\/wp-json\/wp\/v2\/posts\/5526"}],"collection":[{"href":"https:\/\/www.actualidadadiario.com\/index.php\/wp-json\/wp\/v2\/posts"}],"about":[{"href":"https:\/\/www.actualidadadiario.com\/index.php\/wp-json\/wp\/v2\/types\/post"}],"author":[{"embeddable":true,"href":"https:\/\/www.actualidadadiario.com\/index.php\/wp-json\/wp\/v2\/users\/3"}],"replies":[{"embeddable":true,"href":"https:\/\/www.actualidadadiario.com\/index.php\/wp-json\/wp\/v2\/comments?post=5526"}],"version-history":[{"count":1,"href":"https:\/\/www.actualidadadiario.com\/index.php\/wp-json\/wp\/v2\/posts\/5526\/revisions"}],"predecessor-version":[{"id":5528,"href":"https:\/\/www.actualidadadiario.com\/index.php\/wp-json\/wp\/v2\/posts\/5526\/revisions\/5528"}],"wp:featuredmedia":[{"embeddable":true,"href":"https:\/\/www.actualidadadiario.com\/index.php\/wp-json\/wp\/v2\/media\/5527"}],"wp:attachment":[{"href":"https:\/\/www.actualidadadiario.com\/index.php\/wp-json\/wp\/v2\/media?parent=5526"}],"wp:term":[{"taxonomy":"category","embeddable":true,"href":"https:\/\/www.actualidadadiario.com\/index.php\/wp-json\/wp\/v2\/categories?post=5526"},{"taxonomy":"post_tag","embeddable":true,"href":"https:\/\/www.actualidadadiario.com\/index.php\/wp-json\/wp\/v2\/tags?post=5526"}],"curies":[{"name":"wp","href":"https:\/\/api.w.org\/{rel}","templated":true}]}}