{"id":5520,"date":"2016-12-07T10:19:22","date_gmt":"2016-12-07T13:19:22","guid":{"rendered":"http:\/\/actualidadadiario.com\/site\/?p=5520"},"modified":"2016-12-07T10:19:22","modified_gmt":"2016-12-07T13:19:22","slug":"detuvieron-al-gerente-y-dos-empleados-de-la-aerolinea-que-contrato-chapecoense","status":"publish","type":"post","link":"https:\/\/www.actualidadadiario.com\/index.php\/2016\/12\/07\/detuvieron-al-gerente-y-dos-empleados-de-la-aerolinea-que-contrato-chapecoense\/","title":{"rendered":"Detuvieron al gerente y dos empleados de la aerol\u00ednea que contrat\u00f3 Chapecoense"},"content":{"rendered":"<p><em><strong>El gerente de la aerol\u00ednea Lamia, Gustavo Vargas, fue detenido este martes en la ciudad boliviana de Santa Cruz de la Sierra junto con otros dos empleados de esa compa\u00f1\u00eda, investigada por el accidente a\u00e9reo que sufri\u00f3 el plantel del Chapecoense en Colombia<\/strong><\/em><\/p>\n<p>&nbsp;<\/p>\n<p>&nbsp;<\/p>\n<p>&nbsp;<\/p>\n<p>&nbsp;<\/p>\n<p>&nbsp;<\/p>\n<p>&nbsp;<\/p>\n<p>&nbsp;<\/p>\n<p>&nbsp;<\/p>\n<p>&#8220;Los aprehendidos son el se\u00f1or Gustavo Vargas, gerente general, el mec\u00e1nico y la secretaria. Vamos a tomar su declaraci\u00f3n informativa y con eso vamos a definir su situaci\u00f3n jur\u00eddica&#8221;, inform\u00f3 a los periodistas el fiscal Iv\u00e1n Quintanilla.<\/p>\n<p>&nbsp;<\/p>\n<p>Vargas y los dem\u00e1s empleados fueron trasladados hasta la sede del Ministerio P\u00fablico, donde ser\u00e1n interrogados en el marco de una investigaci\u00f3n por el presunto delito de incumplimiento de deberes, aunque el fiscal general del Estado de Bolivia, Ramiro Guerrero, anticip\u00f3 que se puede incluir la hip\u00f3tesis del delito de &#8220;homicidio culposo&#8221; en este caso.<\/p>\n<p>&nbsp;<\/p>\n<p>Guerrero precis\u00f3 que existen dos l\u00edneas de investigaci\u00f3n, por una parte &#8220;la constituci\u00f3n, operaci\u00f3n y los permisos de la l\u00ednea a\u00e9rea, y en otro nivel el accidente propiamente; el plan de vuelo, el d\u00eda que parti\u00f3 avi\u00f3n y qui\u00e9nes son los responsables&#8221;.<\/p>\n<p>&nbsp;<\/p>\n<p>Antes de la detenci\u00f3n de Vargas, un grupo de fiscales requis\u00f3 las oficinas de Lamia y de la funcionaria que revis\u00f3 el plan de vuelo del avi\u00f3n que se estrell\u00f3 en una zona pr\u00f3xima a Medell\u00edn, Colombia.<\/p>\n<p>&nbsp;<\/p>\n<p>Esta operaci\u00f3n fue ejecutada en Santa Cruz de la Sierra y en el aeropuerto de Viru Viru, desde donde parti\u00f3 la aeronave que se estrell\u00f3 el 28 de noviembre, causando la muerte de 71 de las 77 personas que viajaban a bordo. Los fiscales secuestraron documentos en ambos sitios.<\/p>\n<p>&nbsp;<\/p>\n<p>Adem\u00e1s existe otra denuncia contra Celia Castedo, la funcionaria de la Administraci\u00f3n de Aeropuertos y Servicios Auxiliares a la Navegaci\u00f3n A\u00e9rea (Aasana), que emiti\u00f3 observaciones al plan de vuelo que present\u00f3 Lamia antes de partir.<\/p>\n<p>&nbsp;<\/p>\n<p>Aasana, que depende del Ministerio boliviano de Obras P\u00fablicas, present\u00f3 una demanda legal contra Castedo por los delitos de &#8220;atentados contra el trasporte e incumplimiento de deberes&#8221;. La controladora a\u00e9rea sali\u00f3 de Bolivia y pidi\u00f3 refugio en Brasil.<\/p>\n<p>&nbsp;<\/p>\n<p>El avi\u00f3n, el \u00fanico que era operado por Lamia, se cay\u00f3 debido a la falta de combustible cuando iba de Viru Viru, Bolivia a Colombia.<\/p>\n<p>&nbsp;<\/p>\n<p>Guerrero inform\u00f3 que este mi\u00e9rcoles se reunir\u00e1 con los fiscales de Colombia y Brasil en el aeropuerto desde el que sali\u00f3 el avi\u00f3n. En esa reuni\u00f3n participar\u00e1 una comisi\u00f3n de investigadores de la Organizaci\u00f3n de Aviaci\u00f3n Civil Internacional (OACI).<\/p>\n","protected":false},"excerpt":{"rendered":"<p>El gerente de la aerol\u00ednea Lamia, Gustavo Vargas, fue detenido este martes en la ciudad boliviana de Santa Cruz de la Sierra junto con otros dos empleados de esa compa\u00f1\u00eda, investigada por el accidente a\u00e9reo que sufri\u00f3 el plantel del Chapecoense en Colombia &nbsp; &nbsp; &nbsp; &nbsp; &nbsp; &nbsp; &nbsp; &nbsp; &#8220;Los aprehendidos son el se\u00f1or Gustavo Vargas, gerente general, el mec\u00e1nico y la secretaria. Vamos a tomar su declaraci\u00f3n informativa y con eso vamos a definir su situaci\u00f3n jur\u00eddica&#8221;, inform\u00f3 a los periodistas el fiscal Iv\u00e1n Quintanilla. &nbsp; Vargas&#8230;<\/p>\n","protected":false},"author":3,"featured_media":5521,"comment_status":"closed","ping_status":"closed","sticky":false,"template":"","format":"standard","meta":[],"categories":[4],"tags":[],"_links":{"self":[{"href":"https:\/\/www.actualidadadiario.com\/index.php\/wp-json\/wp\/v2\/posts\/5520"}],"collection":[{"href":"https:\/\/www.actualidadadiario.com\/index.php\/wp-json\/wp\/v2\/posts"}],"about":[{"href":"https:\/\/www.actualidadadiario.com\/index.php\/wp-json\/wp\/v2\/types\/post"}],"author":[{"embeddable":true,"href":"https:\/\/www.actualidadadiario.com\/index.php\/wp-json\/wp\/v2\/users\/3"}],"replies":[{"embeddable":true,"href":"https:\/\/www.actualidadadiario.com\/index.php\/wp-json\/wp\/v2\/comments?post=5520"}],"version-history":[{"count":1,"href":"https:\/\/www.actualidadadiario.com\/index.php\/wp-json\/wp\/v2\/posts\/5520\/revisions"}],"predecessor-version":[{"id":5522,"href":"https:\/\/www.actualidadadiario.com\/index.php\/wp-json\/wp\/v2\/posts\/5520\/revisions\/5522"}],"wp:featuredmedia":[{"embeddable":true,"href":"https:\/\/www.actualidadadiario.com\/index.php\/wp-json\/wp\/v2\/media\/5521"}],"wp:attachment":[{"href":"https:\/\/www.actualidadadiario.com\/index.php\/wp-json\/wp\/v2\/media?parent=5520"}],"wp:term":[{"taxonomy":"category","embeddable":true,"href":"https:\/\/www.actualidadadiario.com\/index.php\/wp-json\/wp\/v2\/categories?post=5520"},{"taxonomy":"post_tag","embeddable":true,"href":"https:\/\/www.actualidadadiario.com\/index.php\/wp-json\/wp\/v2\/tags?post=5520"}],"curies":[{"name":"wp","href":"https:\/\/api.w.org\/{rel}","templated":true}]}}