{"id":5515,"date":"2016-12-07T10:17:18","date_gmt":"2016-12-07T13:17:18","guid":{"rendered":"http:\/\/actualidadadiario.com\/site\/?p=5515"},"modified":"2016-12-07T10:17:18","modified_gmt":"2016-12-07T13:17:18","slug":"chubut-crece-tension-con-nacion","status":"publish","type":"post","link":"https:\/\/www.actualidadadiario.com\/index.php\/2016\/12\/07\/chubut-crece-tension-con-nacion\/","title":{"rendered":"Chubut: crece tensi\u00f3n con Naci\u00f3n"},"content":{"rendered":"<p><em><strong>Das Neves endureci\u00f3 cr\u00edticas a gesti\u00f3n Macri. Busca apoyo del massismo para voltear el decreto en Bicameral<\/strong><\/em><\/p>\n<p>&nbsp;<\/p>\n<p>&nbsp;<\/p>\n<p>&nbsp;<\/p>\n<p>&nbsp;<\/p>\n<p>&nbsp;<\/p>\n<p>La escalada entre Chubut y Naci\u00f3n por la quita de los reembolsos a los puertos patag\u00f3nicos sigue en la espiral ascendente. El mandatario Mario Das Neves (Chubut Somos Todos) volvi\u00f3 a cuestionar al Gobierno de Mauricio Macri al tiempo que avanza con la t\u00e1ctica de frenar en el Congreso el decreto que puso fin al beneficio.<\/p>\n<p>&nbsp;<\/p>\n<p>&#8220;Estoy muy caliente. Cuando tocan los intereses de la Patagonia me van a encontrar en la vereda de enfrente&#8221;, dijo Das Neves a Radio 10. &#8220;Se favorece a la provincia de Buenos Aires y perjudica al resto&#8221;, se quej\u00f3. La medida rompi\u00f3 la buena relaci\u00f3n que ten\u00eda el chubutense con el Gobierno nacional. &#8220;El jueves est\u00e1bamos reunidos con el ministro de Interior, Rogelio Frigerio, y quedamos en que esta semana \u00edbamos a seguir conversando sobre el tema y desde el d\u00eda anterior ya estaba firmado el decreto&#8221;, se\u00f1al\u00f3 Das Neves.<\/p>\n<p>&nbsp;<\/p>\n<p>La sinton\u00eda termin\u00f3 de quebrarse con la reuni\u00f3n entre operadores petroleros y el ministro de Energ\u00eda, Juan Jos\u00e9 Aranguren, a la que no dejaron entrar al ministro de Hidrocarburos de Chubut, Sergio Bohe. Sobre esto, el ministro coordinador de Gabinete de la provincia, Alberto Gilardino, expres\u00f3 ante medios locales que fue el propio Frigerio quien hab\u00eda dado la orden de que participara la provincia. &#8220;El impresentable de Aranguren iba a tener una reuni\u00f3n con nosotros y despu\u00e9s no nos recibi\u00f3&#8221;, dijo en tono menos diplom\u00e1tico el gobernador.<\/p>\n<p>&nbsp;<\/p>\n<p>La provincia, adem\u00e1s, prohibi\u00f3 que sus funcionarios viajen a Buenos Aires, salvo en casos excepcionales. Aunque desde el Gobierno de Chubut aseguran que el corte no se debe al nuevo round con Cambiemos, sino a una pol\u00edtica de eficiencia de gastos en tiempos donde, entre la quita de reembolsos, la crisis petrolera y la deuda que Naci\u00f3n mantiene con la provincia, las vacas est\u00e1n flacas.<\/p>\n<p>&nbsp;<\/p>\n<p>En el entorno de Das Neves dicen que el v\u00ednculo con Naci\u00f3n entr\u00f3 en una etapa menos dialoguista y que la reconciliaci\u00f3n depender\u00e1 de medidas concretas que le den ox\u00edgeno a Chubut. En este escenario, en la provincia apuestan a un acercamiento al Frente Renovador de Sergio Massa. Desde este espacio podr\u00e1 llegar el apoyo a la causa portuaria en la Comisi\u00f3n Bicameral Permanente del Congreso Nacional, que podr\u00e1 reunirse el martes para tratar el pol\u00e9mico decreto de Macri. En caso de que se postergue la reuni\u00f3n pasar\u00e1 para el a\u00f1o pr\u00f3ximo, para cuando reabra el Congreso.<\/p>\n<p>&nbsp;<\/p>\n<p>Das Neves conf\u00eda en que la votaci\u00f3n terminar\u00e1 9 a 7 a favor de los intereses patag\u00f3nicos. No obstante, funcionarios de la provincia (no se descarta que vaya el propio gobernador) reforzar\u00e1n el mensaje con un informe en el que exhibir\u00e1n cu\u00e1nto deja de percibir la provincia y sus empresas, actividad por actividad.<\/p>\n<p>&nbsp;<\/p>\n<p>La respuesta de Naci\u00f3n a Chubut vino desde el ministro de Agroindustria, Ricardo Buryaile, quien asegur\u00f3 que ahora habr\u00e1 &#8220;m\u00e1s transparencia&#8221;. &#8220;Creo que Das Neves se equivoca, no tiene los n\u00fameros a mano&#8221;, precis\u00f3 Buryaile en declaraciones a Radio LU20 de Chubut.<\/p>\n<p>&nbsp;<\/p>\n<p>En l\u00ednea con Chubut, el FpV en la Legislatura de Santa Cruz aprob\u00f3 un proyecto de resoluci\u00f3n, pidiendo a la Bicameral del Congreso que pronuncie la invalidez del decreto del Gobierno nacional.<\/p>\n","protected":false},"excerpt":{"rendered":"<p>Das Neves endureci\u00f3 cr\u00edticas a gesti\u00f3n Macri. Busca apoyo del massismo para voltear el decreto en Bicameral &nbsp; &nbsp; &nbsp; &nbsp; &nbsp; La escalada entre Chubut y Naci\u00f3n por la quita de los reembolsos a los puertos patag\u00f3nicos sigue en la espiral ascendente. El mandatario Mario Das Neves (Chubut Somos Todos) volvi\u00f3 a cuestionar al Gobierno de Mauricio Macri al tiempo que avanza con la t\u00e1ctica de frenar en el Congreso el decreto que puso fin al beneficio. &nbsp; &#8220;Estoy muy caliente. Cuando tocan los intereses de la Patagonia me&#8230;<\/p>\n","protected":false},"author":3,"featured_media":5420,"comment_status":"closed","ping_status":"closed","sticky":false,"template":"","format":"standard","meta":[],"categories":[2],"tags":[],"_links":{"self":[{"href":"https:\/\/www.actualidadadiario.com\/index.php\/wp-json\/wp\/v2\/posts\/5515"}],"collection":[{"href":"https:\/\/www.actualidadadiario.com\/index.php\/wp-json\/wp\/v2\/posts"}],"about":[{"href":"https:\/\/www.actualidadadiario.com\/index.php\/wp-json\/wp\/v2\/types\/post"}],"author":[{"embeddable":true,"href":"https:\/\/www.actualidadadiario.com\/index.php\/wp-json\/wp\/v2\/users\/3"}],"replies":[{"embeddable":true,"href":"https:\/\/www.actualidadadiario.com\/index.php\/wp-json\/wp\/v2\/comments?post=5515"}],"version-history":[{"count":1,"href":"https:\/\/www.actualidadadiario.com\/index.php\/wp-json\/wp\/v2\/posts\/5515\/revisions"}],"predecessor-version":[{"id":5516,"href":"https:\/\/www.actualidadadiario.com\/index.php\/wp-json\/wp\/v2\/posts\/5515\/revisions\/5516"}],"wp:featuredmedia":[{"embeddable":true,"href":"https:\/\/www.actualidadadiario.com\/index.php\/wp-json\/wp\/v2\/media\/5420"}],"wp:attachment":[{"href":"https:\/\/www.actualidadadiario.com\/index.php\/wp-json\/wp\/v2\/media?parent=5515"}],"wp:term":[{"taxonomy":"category","embeddable":true,"href":"https:\/\/www.actualidadadiario.com\/index.php\/wp-json\/wp\/v2\/categories?post=5515"},{"taxonomy":"post_tag","embeddable":true,"href":"https:\/\/www.actualidadadiario.com\/index.php\/wp-json\/wp\/v2\/tags?post=5515"}],"curies":[{"name":"wp","href":"https:\/\/api.w.org\/{rel}","templated":true}]}}