{"id":5512,"date":"2016-12-07T10:16:31","date_gmt":"2016-12-07T13:16:31","guid":{"rendered":"http:\/\/actualidadadiario.com\/site\/?p=5512"},"modified":"2016-12-07T10:16:31","modified_gmt":"2016-12-07T13:16:31","slug":"baranao-justifico-la-reduccion-de-las-incorporaciones-en-el-conicet","status":"publish","type":"post","link":"https:\/\/www.actualidadadiario.com\/index.php\/2016\/12\/07\/baranao-justifico-la-reduccion-de-las-incorporaciones-en-el-conicet\/","title":{"rendered":"Bara\u00f1ao justific\u00f3 la reducci\u00f3n de las incorporaciones en el Conicet"},"content":{"rendered":"<p><em><strong>En medio de la pol\u00e9mica por, la reducci\u00f3n en 60% la cantidad de ingresos a carrera de investigador del Conicet, el ministro de Ciencia y Tecnolog\u00eda, Lino Bara\u00f1ao, justific\u00f3 la disminuci\u00f3n de las incorporaciones de cient\u00edficos por el recorte presupuestario para el a\u00f1o pr\u00f3ximo<\/strong><\/em><\/p>\n<p>&nbsp;<\/p>\n<p>&nbsp;<\/p>\n<p>&nbsp;<\/p>\n<p>&nbsp;<\/p>\n<p>&nbsp;<\/p>\n<p>&nbsp;<\/p>\n<p>Tras una reuni\u00f3n con el presidente Mauricio Macri en la Casa Rosada, el funcionario indic\u00f3 que &#8220;apuntamos a tener m\u00e1s investigadores pero con un perfil diferente que los haga estar m\u00e1s insertos en las necesidades del pa\u00eds&#8221;.<\/p>\n<p>&nbsp;<\/p>\n<p>Por otra parte, el ministro indic\u00f3 que &#8220;no hay ning\u00fan pa\u00eds que con un 30 por ciento de pobres est\u00e9 aumentando el n\u00famero de investigadores, como lo est\u00e1 haciendo Argentina&#8221;.<\/p>\n<p>&nbsp;<\/p>\n<p>Seg\u00fan explic\u00f3 Bara\u00f1ao, en 2015 la gesti\u00f3n de Cristina de Kirchner -de la cual tambi\u00e9n fue ministro- incorpor\u00f3 930 cient\u00edficos pero sin respaldo presupuestario, por lo cual ahora se resolvi\u00f3 que en 2017 ingresar\u00e1n 455 agentes, que es lo que est\u00e1 previsto en el presupuesto aprobado por el Congreso.<\/p>\n<p>&nbsp;<\/p>\n<p>Bara\u00f1ao habl\u00f3 en la sala de periodistas de la Casa Rosada luego de un encuentro que mantuvo con Macri y acompa\u00f1ado por el jefe del Conicet, Alejandro Ceccatto, quien anunci\u00f3 que ingresar\u00e1n en 2017 un total de 753 personas al organismo.<\/p>\n<p>&nbsp;<\/p>\n<p>Ceccatto precis\u00f3 que 385 ingresantes ir\u00e1n en 2017 a &#8220;la carrera de investigador, m\u00e1s 70 que vienen del exterior&#8221;, adem\u00e1s de &#8220;298 t\u00e9cnicos de la carrera de personal de apoyo, con lo cual el ingreso total ser\u00e1 de 753 personas&#8221;.<\/p>\n<p>&nbsp;<\/p>\n<p>&#8220;Despu\u00e9s de China debemos ser el \u00fanico pa\u00eds que en este contexto mundial est\u00e9 aumentando el n\u00famero de investigadores&#8221;, destac\u00f3 Bara\u00f1ao y precis\u00f3 que durante el encuentro con Macri tuvieron &#8220;una manifestaci\u00f3n del Presidente respecto a tratar el tema espec\u00edfico del presupuesto sobre gesti\u00f3n del Conicet&#8221;.<\/p>\n<p>&nbsp;<\/p>\n<p>Agreg\u00f3 al respecto que &#8220;hay una relaci\u00f3n establecida entre cuanto invierte un pa\u00eds en t\u00e9rminos del PBI y el n\u00famero de investigadores&#8221;, y aclar\u00f3 que &#8220;la Argentina tiene una posici\u00f3n de excelencia respecto a Am\u00e9rica latina&#8221;.<\/p>\n<p>&nbsp;<\/p>\n<p>Bara\u00f1ao, quien semanas atr\u00e1s hab\u00eda amenazado con renunciar en caso de que se mantuvieran los recortes en su \u00e1rea, habl\u00f3 este martes con Macri sobre &#8220;cu\u00e1nto ha crecido la planta y necesita ser reforzada&#8221; y aclar\u00f3: &#8220;El primer compromiso es analizar este tema. Puedo decir que cuento con todo el apoyo&#8221;.<\/p>\n<p>&nbsp;<\/p>\n<p>Por su parte, Ceccatto destac\u00f3 que &#8220;de una instituci\u00f3n de 25 mil personas no hubo despidos&#8221; y, al ser consultado sobre el aumento en la planta de empleados durante la gesti\u00f3n de Cristina Kirchner, consider\u00f3 que &#8220;no se puede hacer una comparaci\u00f3n porque el a\u00f1o pasado ingres\u00f3 un n\u00famero fuera de lo normal&#8221;.<\/p>\n<p>&nbsp;<\/p>\n<p>El funcionario record\u00f3 que, a poco de asumir como presidente de Conicet, tuvo que &#8220;solicitar un ajuste de 815 millones de pesos porque con el n\u00famero de personas que se hicieron ingresar y becarios de ingreso el presupuesto no alcanzaba&#8221;.<\/p>\n","protected":false},"excerpt":{"rendered":"<p>En medio de la pol\u00e9mica por, la reducci\u00f3n en 60% la cantidad de ingresos a carrera de investigador del Conicet, el ministro de Ciencia y Tecnolog\u00eda, Lino Bara\u00f1ao, justific\u00f3 la disminuci\u00f3n de las incorporaciones de cient\u00edficos por el recorte presupuestario para el a\u00f1o pr\u00f3ximo &nbsp; &nbsp; &nbsp; &nbsp; &nbsp; &nbsp; Tras una reuni\u00f3n con el presidente Mauricio Macri en la Casa Rosada, el funcionario indic\u00f3 que &#8220;apuntamos a tener m\u00e1s investigadores pero con un perfil diferente que los haga estar m\u00e1s insertos en las necesidades del pa\u00eds&#8221;. &nbsp; Por otra&#8230;<\/p>\n","protected":false},"author":3,"featured_media":5513,"comment_status":"closed","ping_status":"closed","sticky":false,"template":"","format":"standard","meta":[],"categories":[9],"tags":[],"_links":{"self":[{"href":"https:\/\/www.actualidadadiario.com\/index.php\/wp-json\/wp\/v2\/posts\/5512"}],"collection":[{"href":"https:\/\/www.actualidadadiario.com\/index.php\/wp-json\/wp\/v2\/posts"}],"about":[{"href":"https:\/\/www.actualidadadiario.com\/index.php\/wp-json\/wp\/v2\/types\/post"}],"author":[{"embeddable":true,"href":"https:\/\/www.actualidadadiario.com\/index.php\/wp-json\/wp\/v2\/users\/3"}],"replies":[{"embeddable":true,"href":"https:\/\/www.actualidadadiario.com\/index.php\/wp-json\/wp\/v2\/comments?post=5512"}],"version-history":[{"count":1,"href":"https:\/\/www.actualidadadiario.com\/index.php\/wp-json\/wp\/v2\/posts\/5512\/revisions"}],"predecessor-version":[{"id":5514,"href":"https:\/\/www.actualidadadiario.com\/index.php\/wp-json\/wp\/v2\/posts\/5512\/revisions\/5514"}],"wp:featuredmedia":[{"embeddable":true,"href":"https:\/\/www.actualidadadiario.com\/index.php\/wp-json\/wp\/v2\/media\/5513"}],"wp:attachment":[{"href":"https:\/\/www.actualidadadiario.com\/index.php\/wp-json\/wp\/v2\/media?parent=5512"}],"wp:term":[{"taxonomy":"category","embeddable":true,"href":"https:\/\/www.actualidadadiario.com\/index.php\/wp-json\/wp\/v2\/categories?post=5512"},{"taxonomy":"post_tag","embeddable":true,"href":"https:\/\/www.actualidadadiario.com\/index.php\/wp-json\/wp\/v2\/tags?post=5512"}],"curies":[{"name":"wp","href":"https:\/\/api.w.org\/{rel}","templated":true}]}}