{"id":5506,"date":"2016-12-07T10:14:44","date_gmt":"2016-12-07T13:14:44","guid":{"rendered":"http:\/\/actualidadadiario.com\/site\/?p=5506"},"modified":"2016-12-07T10:14:44","modified_gmt":"2016-12-07T13:14:44","slug":"procesan-a-sala-por-tentativa-de-homicidio","status":"publish","type":"post","link":"https:\/\/www.actualidadadiario.com\/index.php\/2016\/12\/07\/procesan-a-sala-por-tentativa-de-homicidio\/","title":{"rendered":"Procesan a Sala por tentativa de homicidio"},"content":{"rendered":"<p><em><strong>Mientras crece la presi\u00f3n internacional en pos de su liberaci\u00f3n, la diputada kirchnerista del Parlasur recibi\u00f3 un nuevo rev\u00e9s judicial<\/strong><\/em><\/p>\n<p>&nbsp;<\/p>\n<p>&nbsp;<\/p>\n<p>&nbsp;<\/p>\n<p>&nbsp;<\/p>\n<p>&nbsp;<\/p>\n<p>En medio de la creciente presi\u00f3n internacional en pos de su liberaci\u00f3n, la detenida l\u00edder de la Tupac Amaru, Milagro Sala, fue procesada por supuesto &#8220;Homicidio en el grado de tentativa calificado por precio o promesa remuneratoria&#8221; por una confusa balacera ocurrida en 2007 en la capital juje\u00f1a.<\/p>\n<p>&nbsp;<\/p>\n<p>El delito prev\u00e9 una pena de entre 15 a\u00f1os y 20 a\u00f1os de prisi\u00f3n, seg\u00fan lo precisado por el juez de Instrucci\u00f3n de Causas, Pablo Pullen Llermanos.<\/p>\n<p>&nbsp;<\/p>\n<p>La nueva estocada judicial se produce mientras organismos como el Grupo de Trabajo sobre la Detenci\u00f3n Arbitraria de la ONU y la Comisi\u00f3n Interamericana de Derechos Humanos (CIDH) profundizan el reclamo a la Argentina en pos de su urgente liberaci\u00f3n, frente a una detenci\u00f3n preventiva que consideran &#8220;arbitraria&#8221;.<\/p>\n<p>&nbsp;<\/p>\n<p>&nbsp;<\/p>\n<p>&nbsp;<\/p>\n<p>&nbsp;<\/p>\n<p>&nbsp;<\/p>\n<p>&nbsp;<\/p>\n<p><strong>Amenaza telef\u00f3nica<\/strong><\/p>\n<p>En paralelo, en la noche del lunes recibi\u00f3 una amenaza telef\u00f3nica el titular del Ministerio P\u00fablico de la Acusaci\u00f3n (fiscal general) de Jujuy, Sergio Lello S\u00e1nchez. Por el episodio ayer se concret\u00f3 una detenci\u00f3n. &#8220;\u00bfD\u00f3nde quer\u00e9s que deje el cad\u00e1ver de tu marido?'&#8221;, fue la intimidaci\u00f3n, con voz femenina, que recibi\u00f3 la pareja del jefe de los fiscales provincial.<\/p>\n<p>&nbsp;<\/p>\n<p>&#8220;Son las consecuencias de lo que pas\u00f3 durante muchos a\u00f1os en el pa\u00eds; el modelo de extorsi\u00f3n, de intentar hacer un Estado paralelo de parte de organizaciones que hoy est\u00e1n dando cuentas en la Justicia&#8221;, dijo la ministra de Seguridad nacional, Patricia Bullrich.<\/p>\n<p>&nbsp;<\/p>\n<p>Por su parte, Pullen Llermanos advirti\u00f3 que &#8220;con las amenazas est\u00e1n mostrando su naturaleza&#8221;. &#8220;No les extra\u00f1e que ocurra alg\u00fan atentado u otra cosa&#8221;, asegur\u00f3.<\/p>\n<p>&nbsp;<\/p>\n<p>En este marco, y respecto de la suerte de la legisladora kirchnerista del Parlasur, ayer Pullen Llermanos confirm\u00f3 que &#8220;se firm\u00f3 el procesamiento de Sala y de Fabi\u00e1n \u00c1vila, y ya estaba procesado Alberto Cardozo en el marco de la misma causa&#8221;.<\/p>\n<p>&nbsp;<\/p>\n<p>El tribunal investiga un enfrentamiento armado entre dos bandas, que deriv\u00f3 en heridas graves de una nena de 11 a\u00f1os. Inicialmente se orden\u00f3 la detenci\u00f3n de Jorge P\u00e1es y \u00c1vila -que fueron vinculados con la organizaci\u00f3n que lidera Sala y que est\u00e1n acusados de &#8220;Homicidio en grado de tentativa&#8221;-, a ra\u00edz de una denuncia realizada por Cardozo, un dirigente social aliado a la legisladora kirchnerista del Parlasur, quien tambi\u00e9n protagoniz\u00f3 la balacera y luego fue detenido.<\/p>\n<p>&nbsp;<\/p>\n<p>P\u00e1es, quien fue sindicado al comienzo de la causa como presunto sicario de Sala, fue sobrese\u00eddo en agosto y recuper\u00f3 su libertad.<\/p>\n<p>&nbsp;<\/p>\n<p>En esta causa Sala estuvo acusada de &#8220;Encubrimiento agravado&#8221; por favorecer a un pr\u00f3fugo (P\u00e1es), pero en base a las pruebas el juez resolvi\u00f3 imputarla por tentativa de homicidio.<\/p>\n<p>&nbsp;<\/p>\n<p>En paralelo, ayer el gobernador de San Luis, Alberto Rodr\u00edguez Sa\u00e1 (Compromiso Federal) dispar\u00f3 que si el Gobierno del radical juje\u00f1o Gerardo Morales &#8220;toma mal&#8221; su intenci\u00f3n de acompa\u00f1ar durante la pr\u00f3xima Nochebuena a Sala &#8220;quiere decir que se est\u00e1 metiendo en la causa&#8221;.<\/p>\n","protected":false},"excerpt":{"rendered":"<p>Mientras crece la presi\u00f3n internacional en pos de su liberaci\u00f3n, la diputada kirchnerista del Parlasur recibi\u00f3 un nuevo rev\u00e9s judicial &nbsp; &nbsp; &nbsp; &nbsp; &nbsp; En medio de la creciente presi\u00f3n internacional en pos de su liberaci\u00f3n, la detenida l\u00edder de la Tupac Amaru, Milagro Sala, fue procesada por supuesto &#8220;Homicidio en el grado de tentativa calificado por precio o promesa remuneratoria&#8221; por una confusa balacera ocurrida en 2007 en la capital juje\u00f1a. &nbsp; El delito prev\u00e9 una pena de entre 15 a\u00f1os y 20 a\u00f1os de prisi\u00f3n, seg\u00fan lo&#8230;<\/p>\n","protected":false},"author":3,"featured_media":5507,"comment_status":"closed","ping_status":"closed","sticky":false,"template":"","format":"standard","meta":[],"categories":[2],"tags":[],"_links":{"self":[{"href":"https:\/\/www.actualidadadiario.com\/index.php\/wp-json\/wp\/v2\/posts\/5506"}],"collection":[{"href":"https:\/\/www.actualidadadiario.com\/index.php\/wp-json\/wp\/v2\/posts"}],"about":[{"href":"https:\/\/www.actualidadadiario.com\/index.php\/wp-json\/wp\/v2\/types\/post"}],"author":[{"embeddable":true,"href":"https:\/\/www.actualidadadiario.com\/index.php\/wp-json\/wp\/v2\/users\/3"}],"replies":[{"embeddable":true,"href":"https:\/\/www.actualidadadiario.com\/index.php\/wp-json\/wp\/v2\/comments?post=5506"}],"version-history":[{"count":1,"href":"https:\/\/www.actualidadadiario.com\/index.php\/wp-json\/wp\/v2\/posts\/5506\/revisions"}],"predecessor-version":[{"id":5508,"href":"https:\/\/www.actualidadadiario.com\/index.php\/wp-json\/wp\/v2\/posts\/5506\/revisions\/5508"}],"wp:featuredmedia":[{"embeddable":true,"href":"https:\/\/www.actualidadadiario.com\/index.php\/wp-json\/wp\/v2\/media\/5507"}],"wp:attachment":[{"href":"https:\/\/www.actualidadadiario.com\/index.php\/wp-json\/wp\/v2\/media?parent=5506"}],"wp:term":[{"taxonomy":"category","embeddable":true,"href":"https:\/\/www.actualidadadiario.com\/index.php\/wp-json\/wp\/v2\/categories?post=5506"},{"taxonomy":"post_tag","embeddable":true,"href":"https:\/\/www.actualidadadiario.com\/index.php\/wp-json\/wp\/v2\/tags?post=5506"}],"curies":[{"name":"wp","href":"https:\/\/api.w.org\/{rel}","templated":true}]}}