{"id":5503,"date":"2016-12-07T10:13:48","date_gmt":"2016-12-07T13:13:48","guid":{"rendered":"http:\/\/actualidadadiario.com\/site\/?p=5503"},"modified":"2016-12-07T10:13:48","modified_gmt":"2016-12-07T13:13:48","slug":"media-sancion-a-la-emergencia-social-casi-por-unanimidad","status":"publish","type":"post","link":"https:\/\/www.actualidadadiario.com\/index.php\/2016\/12\/07\/media-sancion-a-la-emergencia-social-casi-por-unanimidad\/","title":{"rendered":"Media sanci\u00f3n a la Emergencia Social casi por unanimidad"},"content":{"rendered":"<p><em><strong>La C\u00e1mara de Diputados aprob\u00f3 por abrumadora mayor\u00eda el proyecto de ley que declara la Emergencia Social y crea el salario social complementario para los trabajadores de la econom\u00eda informal<\/strong><\/em><\/p>\n<p>&nbsp;<\/p>\n<p>&nbsp;<\/p>\n<p>&nbsp;<\/p>\n<p>&nbsp;<\/p>\n<p>&nbsp;<\/p>\n<p>&nbsp;<\/p>\n<p>&nbsp;<\/p>\n<p>Con 228 votos afirmativos, uno negativo y cuatro abstenciones, la C\u00e1mara baja le dio media sanci\u00f3n y gir\u00f3 al Senado este proyecto, que hab\u00eda sido consensuado con de antemano por todos los bloques, con excepci\u00f3n del Frente de Izquierda, que se abstuvo en la votaci\u00f3n.<\/p>\n<p>&nbsp;<\/p>\n<p>La iniciativa declara la emergencia social en todo el territorio nacional hasta el 31 de diciembre de 2019 y dispone la creaci\u00f3n del Consejo de la Econom\u00eda Popular y del Salario Social Complementario y del Registro Nacional de la Econom\u00eda Popular (RENATREP).<\/p>\n<p>&nbsp;<\/p>\n<p>Durante el debate en recinto, el secretario general de la CGT y diputado massista, H\u00e9ctor Daer, asegur\u00f3 que el presidente Mauricio Macri debe hacer una autocr\u00edtica, porque la pol\u00edtica que est\u00e1 realizando desde que asumi\u00f3 &#8220;aument\u00f3 la pobreza&#8221; y reivindic\u00f3 la decisi\u00f3n de la central obrera de incorporar a la agenda la problem\u00e1tica de los trabajadores informales.<\/p>\n<p>&nbsp;<\/p>\n<p>Daer, quien conduce la central obrera junto a Carlos Acu\u00f1a y Juan Carlos Schmidt, dijo que la CGT &#8220;comprendi\u00f3 que ten\u00eda que tener un camino en com\u00fan porque ac\u00e1 no hay trabajadores de primera y de segunda y por eso incorporamos la agenda de los compa\u00f1eros que trabajan en la informalidad&#8221;.<\/p>\n<p>&nbsp;<\/p>\n<p>En tanto, el diputado nacional del FIT, N\u00e9stor Pitrola, cuestion\u00f3 fuertemente el proyecto y dijo que se trata de &#8220;una tregua sin antecedentes&#8221;. &#8220;No recuerdo antecedentes de una tregua de estas caracter\u00edsticas&#8221;, asegur\u00f3, al defender en cambio en el recinto el dictamen de minor\u00eda impulsado por la Izquierda.<\/p>\n<p>&nbsp;<\/p>\n<p>Tras anticipar la abstenci\u00f3n de esa fuerza a la hora de votar el proyecto, el diputado del FIT advirti\u00f3 que esa &#8220;tregua est\u00e1 coordinada con la CGT&#8221;, a la vez que cuestion\u00f3 la creaci\u00f3n del registro de la econom\u00eda popular contemplado en el proyecto, al sostener que se trata de &#8220;un registro de los candidatos a la precarizaci\u00f3n laboral&#8221;.<\/p>\n<p>&nbsp;<\/p>\n<p>A su turno, la diputada del Peronismo para la Victoria, Lucila De Ponti, destac\u00f3 la importancia del proyecto y asegur\u00f3 que la ley busca &#8220;achicar la brecha entre los distintos segmentos de la clase trabajadora&#8221;.<\/p>\n<p>&nbsp;<\/p>\n<p>De Ponti, dirigente del Movimiento Evita, agrupaci\u00f3n que impuls\u00f3 el proyecto de emergencia social, destac\u00f3 la necesidad de construir pol\u00edticas p\u00fablicas &#8220;que nos permitan consolidar nuevos sujetos de derecho&#8221;.<\/p>\n<p>&nbsp;<\/p>\n<p>Seg\u00fan la diputada del Peronismo para la Victoria, el proyecto busca &#8220;achicar la brecha entre los distintos segmentos de la clase trabajadora pero mejorando la situaci\u00f3n de los trabajadores que no tienen posibilidad de acceder a los derechos y protecciones que el trabajo les brinda&#8221;.<\/p>\n<p>&nbsp;<\/p>\n<p>Por su parte, el diputado de Cambiemos Luciano Laspina destac\u00f3 que con el proyecto de emergencia social el Gobierno busca &#8220;reconocer un grave diagn\u00f3stico&#8221; y establecer &#8220;un marco de di\u00e1logo que no exist\u00eda hasta ahora&#8221;.<\/p>\n<p>&nbsp;<\/p>\n<p>&#8220;Hemos heredado una crisis social dram\u00e1tica. Nos hacemos cargo como Gobierno y por eso avanzamos con esta ley marco&#8221;, se\u00f1al\u00f3 el diputado que preside la Comisi\u00f3n de Presupuesto y Hacienda de la C\u00e1mara baja.<\/p>\n","protected":false},"excerpt":{"rendered":"<p>La C\u00e1mara de Diputados aprob\u00f3 por abrumadora mayor\u00eda el proyecto de ley que declara la Emergencia Social y crea el salario social complementario para los trabajadores de la econom\u00eda informal &nbsp; &nbsp; &nbsp; &nbsp; &nbsp; &nbsp; &nbsp; Con 228 votos afirmativos, uno negativo y cuatro abstenciones, la C\u00e1mara baja le dio media sanci\u00f3n y gir\u00f3 al Senado este proyecto, que hab\u00eda sido consensuado con de antemano por todos los bloques, con excepci\u00f3n del Frente de Izquierda, que se abstuvo en la votaci\u00f3n. &nbsp; La iniciativa declara la emergencia social en&#8230;<\/p>\n","protected":false},"author":3,"featured_media":5504,"comment_status":"closed","ping_status":"closed","sticky":false,"template":"","format":"standard","meta":[],"categories":[18],"tags":[],"_links":{"self":[{"href":"https:\/\/www.actualidadadiario.com\/index.php\/wp-json\/wp\/v2\/posts\/5503"}],"collection":[{"href":"https:\/\/www.actualidadadiario.com\/index.php\/wp-json\/wp\/v2\/posts"}],"about":[{"href":"https:\/\/www.actualidadadiario.com\/index.php\/wp-json\/wp\/v2\/types\/post"}],"author":[{"embeddable":true,"href":"https:\/\/www.actualidadadiario.com\/index.php\/wp-json\/wp\/v2\/users\/3"}],"replies":[{"embeddable":true,"href":"https:\/\/www.actualidadadiario.com\/index.php\/wp-json\/wp\/v2\/comments?post=5503"}],"version-history":[{"count":1,"href":"https:\/\/www.actualidadadiario.com\/index.php\/wp-json\/wp\/v2\/posts\/5503\/revisions"}],"predecessor-version":[{"id":5505,"href":"https:\/\/www.actualidadadiario.com\/index.php\/wp-json\/wp\/v2\/posts\/5503\/revisions\/5505"}],"wp:featuredmedia":[{"embeddable":true,"href":"https:\/\/www.actualidadadiario.com\/index.php\/wp-json\/wp\/v2\/media\/5504"}],"wp:attachment":[{"href":"https:\/\/www.actualidadadiario.com\/index.php\/wp-json\/wp\/v2\/media?parent=5503"}],"wp:term":[{"taxonomy":"category","embeddable":true,"href":"https:\/\/www.actualidadadiario.com\/index.php\/wp-json\/wp\/v2\/categories?post=5503"},{"taxonomy":"post_tag","embeddable":true,"href":"https:\/\/www.actualidadadiario.com\/index.php\/wp-json\/wp\/v2\/tags?post=5503"}],"curies":[{"name":"wp","href":"https:\/\/api.w.org\/{rel}","templated":true}]}}