{"id":5492,"date":"2016-12-07T10:09:59","date_gmt":"2016-12-07T13:09:59","guid":{"rendered":"http:\/\/actualidadadiario.com\/site\/?p=5492"},"modified":"2016-12-07T10:09:59","modified_gmt":"2016-12-07T13:09:59","slug":"la-oposicion-pide-derogar-el-decreto-que-permite-blanquear-a-familiares","status":"publish","type":"post","link":"https:\/\/www.actualidadadiario.com\/index.php\/2016\/12\/07\/la-oposicion-pide-derogar-el-decreto-que-permite-blanquear-a-familiares\/","title":{"rendered":"La oposici\u00f3n pide derogar el decreto que permite blanquear a familiares"},"content":{"rendered":"<p><em><strong>El Frente para la Victoria y el Frente Renovador se quejaron por la inclusi\u00f3n del padre del Presidente y otros familiares de parientes en la exteriorizaci\u00f3n de capitales<\/strong><\/em><\/p>\n<p>&nbsp;<\/p>\n<p>&nbsp;<\/p>\n<p>&nbsp;<\/p>\n<p>&nbsp;<\/p>\n<p>&nbsp;<\/p>\n<p>El jefe del bloque de diputados del Frente para la Victoria (FpV), H\u00e9ctor Recalde, plante\u00f3 en la sesi\u00f3n una queja formal contra el Poder Ejecutivo por el decreto que incluye a familiares de funcionarios en el blanqueo de capitales, al que tild\u00f3 de &#8220;absolutamente inconstitucional&#8221;.<\/p>\n<p>&nbsp;<\/p>\n<p>Recalde present\u00f3 una cuesti\u00f3n de privilegio contra el Ejecutivo por el Decreto 1206, con el que el presidente Mauricio Macri habilit\u00f3 a los familiares de funcionarios p\u00fablicos a adherir al blanqueo de capitales, pese a que la ley sancionada por el Congreso lo prohib\u00eda.<\/p>\n<p>&nbsp;<\/p>\n<p>&#8220;El decreto 1206 del Ejecutivo es absolutamente inconstitucional. Cuando la ley establece que quedan excluidos familiares de los funcionarios, no puede un decreto decir que quedan incluidos. Esto viola la letra expresa de la ley&#8221;, afirm\u00f3 el diputado. En este sentido, subray\u00f3 que &#8220;un decreto no puede decir lo contrario que dice la ley, porque para eso est\u00e1 la pir\u00e1mide jur\u00eddica&#8221;, en la que los decretos aparecen un escal\u00f3n m\u00e1s bajo que las leyes.<\/p>\n<p>&nbsp;<\/p>\n<p>En esa l\u00ednea, el diputado del Frente Renovador, Felipe Sol\u00e1, se pregunt\u00f3 la raz\u00f3n de la decisi\u00f3n administrativa presidencial: &#8220;\u00bfPara que su padre (por Francesco Macri) pueda blanquear, para que otros CEOs puedan blanquear?&#8221;.<\/p>\n","protected":false},"excerpt":{"rendered":"<p>El Frente para la Victoria y el Frente Renovador se quejaron por la inclusi\u00f3n del padre del Presidente y otros familiares de parientes en la exteriorizaci\u00f3n de capitales &nbsp; &nbsp; &nbsp; &nbsp; &nbsp; El jefe del bloque de diputados del Frente para la Victoria (FpV), H\u00e9ctor Recalde, plante\u00f3 en la sesi\u00f3n una queja formal contra el Poder Ejecutivo por el decreto que incluye a familiares de funcionarios en el blanqueo de capitales, al que tild\u00f3 de &#8220;absolutamente inconstitucional&#8221;. &nbsp; Recalde present\u00f3 una cuesti\u00f3n de privilegio contra el Ejecutivo por el&#8230;<\/p>\n","protected":false},"author":3,"featured_media":5493,"comment_status":"closed","ping_status":"closed","sticky":false,"template":"","format":"standard","meta":[],"categories":[18],"tags":[],"_links":{"self":[{"href":"https:\/\/www.actualidadadiario.com\/index.php\/wp-json\/wp\/v2\/posts\/5492"}],"collection":[{"href":"https:\/\/www.actualidadadiario.com\/index.php\/wp-json\/wp\/v2\/posts"}],"about":[{"href":"https:\/\/www.actualidadadiario.com\/index.php\/wp-json\/wp\/v2\/types\/post"}],"author":[{"embeddable":true,"href":"https:\/\/www.actualidadadiario.com\/index.php\/wp-json\/wp\/v2\/users\/3"}],"replies":[{"embeddable":true,"href":"https:\/\/www.actualidadadiario.com\/index.php\/wp-json\/wp\/v2\/comments?post=5492"}],"version-history":[{"count":1,"href":"https:\/\/www.actualidadadiario.com\/index.php\/wp-json\/wp\/v2\/posts\/5492\/revisions"}],"predecessor-version":[{"id":5494,"href":"https:\/\/www.actualidadadiario.com\/index.php\/wp-json\/wp\/v2\/posts\/5492\/revisions\/5494"}],"wp:featuredmedia":[{"embeddable":true,"href":"https:\/\/www.actualidadadiario.com\/index.php\/wp-json\/wp\/v2\/media\/5493"}],"wp:attachment":[{"href":"https:\/\/www.actualidadadiario.com\/index.php\/wp-json\/wp\/v2\/media?parent=5492"}],"wp:term":[{"taxonomy":"category","embeddable":true,"href":"https:\/\/www.actualidadadiario.com\/index.php\/wp-json\/wp\/v2\/categories?post=5492"},{"taxonomy":"post_tag","embeddable":true,"href":"https:\/\/www.actualidadadiario.com\/index.php\/wp-json\/wp\/v2\/tags?post=5492"}],"curies":[{"name":"wp","href":"https:\/\/api.w.org\/{rel}","templated":true}]}}