{"id":54885,"date":"2019-11-29T10:25:51","date_gmt":"2019-11-29T13:25:51","guid":{"rendered":"https:\/\/www.actualidadadiario.com\/?p=54885"},"modified":"2019-11-29T10:25:51","modified_gmt":"2019-11-29T13:25:51","slug":"casi-23-000-personas-quedaron-en-la-calle-en-septiembre","status":"publish","type":"post","link":"https:\/\/www.actualidadadiario.com\/index.php\/2019\/11\/29\/casi-23-000-personas-quedaron-en-la-calle-en-septiembre\/","title":{"rendered":"Casi 23.000 personas quedaron en la calle en septiembre"},"content":{"rendered":"<p style=\"text-align: center;\"><em><strong>En pleno derrumbe de la econom\u00eda, la destrucci\u00f3n de puestos de trabajo asalariado formal del sector privado se aceler\u00f3 en septiembre, al caer 0,4% contra agosto y 2,2% interanual, de acuerdo a los datos del SIPA, que present\u00f3 el Ministerio de Producci\u00f3n. Esto significa que 22.700 personas quedaron en la calle durante ese mes, en el que se contabilizaron 138.700 puestos menos que un a\u00f1o atr\u00e1s. Se trata del tercer peor dato mensual de los \u00faltimos once a\u00f1os en la categor\u00eda conocida como &#8220;empleo de calidad&#8221;, ya que reconoce todos los derechos laborales y brinda mayor estabilidad<\/strong><\/em><\/p>\n<p>&nbsp;<\/p>\n<p>Con este declive, la cantidad de asalariados privados, que en los meses previos ya se ubicaba por debajo del nivel de 2013 y 2014, retrocedi\u00f3 hasta alcanzar el mismo nivel del \u00faltimo cuatrimestre de 2012. Es decir, lleg\u00f3 a su peor nivel en siete a\u00f1os, un per\u00edodo en el cual la poblaci\u00f3n creci\u00f3 entre 7% y 8%. S\u00f3lo durante los cuatro a\u00f1os de Gobierno de Cambiemos se perdieron casi 200.000 puestos de calidad al pasar de 6.238.000 en septiembre de 2015 a 6.042.000 en el mismo mes de este a\u00f1o.<\/p>\n<p>En el mismo per\u00edodo, el empleo registrado total tuvo un muy leve crecimiento del 1% (contra un 4% de expansi\u00f3n poblacional) a ra\u00edz de la creaci\u00f3n de 127.000 cupos laborales. Estos n\u00fameros muestran una tendencia a la precarizaci\u00f3n: mientras los trabajos privados plenos de derechos cayeron 3,1%, el empleo en el Estado creci\u00f3 4%; la cantidad de monotributistas, 10,5%; y el trabajo dom\u00e9stico, 12,3%; mientras que los registros de aut\u00f3nomos y monotributistas sociales no mostraron grandes variaciones.<\/p>\n<p>Para peor, los datos de la Encuesta de Indicadores Laborales, un predictor del SIPA que tambi\u00e9n difundi\u00f3 ayer el Gobierno, muestran que en octubre la tendencia empeor\u00f3. Seg\u00fan las 3.500 empresas consultadas, el mes pasado la cantidad de puestos de trabajo privados cay\u00f3 2,6% interanual y 0,4% mensual.<\/p>\n<p>&nbsp;<\/p>\n<p><strong>Sectores<\/strong><\/p>\n<p>El subsecretario de Desarrollo Productivo, Bernardo de Astarloa, vincul\u00f3 los malos datos de septiembre a la ca\u00edda de la econom\u00eda, que ese mes fue del 1,6% mensual sin estacionalidad. &#8220;Las actividades que explican casi toda la ca\u00edda son las ligadas al mercado interno&#8221;, se\u00f1al\u00f3, en alusi\u00f3n a la profundizaci\u00f3n del deterioro del consumo y del poder de compra a ra\u00edz de la devaluaci\u00f3n de agosto.<\/p>\n<p>De los 138.700 puestos de calidad perdidos en el \u00faltimo a\u00f1o, 134.100 corresponden a los cinco sectores que m\u00e1s personas ocupan, todos ellos muy ligados al mercado interno: el comercio expuls\u00f3 41.300 trabajadores (el 3,6% interanual); la industria manufacturera, 51.300 (4,5%); las actividades inmobiliarias y empresariales, 6.400 (0,8%); el transporte, 16.000 (2,9%); y la construcci\u00f3n, 19.100 (4,2%).<\/p>\n<p>En particular, se destaca la actividad fabril, que arrastra una sangr\u00eda ininterrumpida durante toda la gesti\u00f3n de Mauricio Macri, en la que se destruyeron 158.000 empleos, el 12,5% del total. Mientras que la construcci\u00f3n, la rama m\u00e1s vol\u00e1til a los ciclos econ\u00f3micos debido a su convenio colectivo de trabajo m\u00e1s flexible, expuls\u00f3 11.400 obreros s\u00f3lo durante septiembre.<\/p>\n","protected":false},"excerpt":{"rendered":"<p>En pleno derrumbe de la econom\u00eda, la destrucci\u00f3n de puestos de trabajo asalariado formal del sector privado se aceler\u00f3 en septiembre, al caer 0,4% contra agosto y 2,2% interanual, de acuerdo a los datos del SIPA, que present\u00f3 el Ministerio de Producci\u00f3n. Esto significa que 22.700 personas quedaron en la calle durante ese mes, en el que se contabilizaron 138.700 puestos menos que un a\u00f1o atr\u00e1s. Se trata del tercer peor dato mensual de los \u00faltimos once a\u00f1os en la categor\u00eda conocida como &#8220;empleo de calidad&#8221;, ya que reconoce todos&#8230;<\/p>\n","protected":false},"author":3,"featured_media":54886,"comment_status":"closed","ping_status":"closed","sticky":false,"template":"","format":"standard","meta":[],"categories":[9],"tags":[],"_links":{"self":[{"href":"https:\/\/www.actualidadadiario.com\/index.php\/wp-json\/wp\/v2\/posts\/54885"}],"collection":[{"href":"https:\/\/www.actualidadadiario.com\/index.php\/wp-json\/wp\/v2\/posts"}],"about":[{"href":"https:\/\/www.actualidadadiario.com\/index.php\/wp-json\/wp\/v2\/types\/post"}],"author":[{"embeddable":true,"href":"https:\/\/www.actualidadadiario.com\/index.php\/wp-json\/wp\/v2\/users\/3"}],"replies":[{"embeddable":true,"href":"https:\/\/www.actualidadadiario.com\/index.php\/wp-json\/wp\/v2\/comments?post=54885"}],"version-history":[{"count":1,"href":"https:\/\/www.actualidadadiario.com\/index.php\/wp-json\/wp\/v2\/posts\/54885\/revisions"}],"predecessor-version":[{"id":54887,"href":"https:\/\/www.actualidadadiario.com\/index.php\/wp-json\/wp\/v2\/posts\/54885\/revisions\/54887"}],"wp:featuredmedia":[{"embeddable":true,"href":"https:\/\/www.actualidadadiario.com\/index.php\/wp-json\/wp\/v2\/media\/54886"}],"wp:attachment":[{"href":"https:\/\/www.actualidadadiario.com\/index.php\/wp-json\/wp\/v2\/media?parent=54885"}],"wp:term":[{"taxonomy":"category","embeddable":true,"href":"https:\/\/www.actualidadadiario.com\/index.php\/wp-json\/wp\/v2\/categories?post=54885"},{"taxonomy":"post_tag","embeddable":true,"href":"https:\/\/www.actualidadadiario.com\/index.php\/wp-json\/wp\/v2\/tags?post=54885"}],"curies":[{"name":"wp","href":"https:\/\/api.w.org\/{rel}","templated":true}]}}