{"id":5488,"date":"2016-12-06T11:03:31","date_gmt":"2016-12-06T14:03:31","guid":{"rendered":"http:\/\/actualidadadiario.com\/site\/?p=5488"},"modified":"2016-12-06T11:03:31","modified_gmt":"2016-12-06T14:03:31","slug":"los-bancarios-vuelven-a-parar-este-martes-durante-las-ultimas-tres-horas-de-atencion","status":"publish","type":"post","link":"https:\/\/www.actualidadadiario.com\/index.php\/2016\/12\/06\/los-bancarios-vuelven-a-parar-este-martes-durante-las-ultimas-tres-horas-de-atencion\/","title":{"rendered":"Los bancarios vuelven a parar este martes durante las \u00faltimas tres horas de atenci\u00f3n"},"content":{"rendered":"<p><em><strong>Como ocurri\u00f3 en el inicio de la semana, los trabajadores de los bancos realizar\u00e1n asambleas entre las 12 y las 15, en reclamo por la homologaci\u00f3n de una compensaci\u00f3n salarial. El mi\u00e9rcoles, el gremio se re\u00fane en el Ministerio de Trabajo<\/strong><\/em><\/p>\n<p>&nbsp;<\/p>\n<p>&nbsp;<\/p>\n<p>&nbsp;<\/p>\n<p>&nbsp;<\/p>\n<p>&nbsp;<\/p>\n<p>Los bancarios vuelven a parar este martes, al igual que hicieron el lunes, entre las 12 y las 15 horas, en el marco del plan de lucha que viene realizando, en este caso, en reclamo por la homologaci\u00f3n del acuerdo salarial firmado entre la Asociaci\u00f3n Bancaria y las c\u00e1maras empresarias.<\/p>\n<p>&nbsp;<\/p>\n<p>En el inicio de la semana, la medida de fuerza afect\u00f3 la atenci\u00f3n al p\u00fablico en sucursales de las 14 entidades financieras extrajeras con operaciones en el pa\u00eds, a las que los trabajadores les exigen que se sumen a la compensaci\u00f3n salarial firmada por el gremio.<\/p>\n<p>&nbsp;<\/p>\n<p>El acuerdo contempla una suma \u201cresarcitoria\u201d no remunerativa para este a\u00f1o, que se abonar\u00eda el 31 de diciembre, pero, seg\u00fan explic\u00f3 el secretario general de la Bancaria, Sergio Palazzo, la Asociaci\u00f3n de Bancos de la Argentina (ABA), que representa a los bancos de capital internacional con operaciones en el pa\u00eds, es \u201cla \u00fanica que no firm\u00f3 el preacuerdo salarial\u201d.<\/p>\n<p>&nbsp;<\/p>\n<p>De acuerdo con Palazzo, la ABA \u201cest\u00e1 presionando al Gobierno, especialmente al ministro de Trabajo, para que no firme los acuerdos suscriptos con las otras c\u00e1maras\u201d, en referencia a Adeba y Abappra, que representan el 80 por ciento del sector.<\/p>\n<p>&nbsp;<\/p>\n<p>Por su parte, el secretario de prensa de La Bancaria regional La Plata, Guillermo Iacovvoni, indic\u00f3 que &#8220;este mi\u00e9rcoles hay una reuni\u00f3n en Ministerio de Trabajo\u201d, y advirti\u00f3: \u201cVeremos si logramos un acuerdo final porque nadie quiere un paro por 24 horas y menos en diciembre&#8221;.<\/p>\n","protected":false},"excerpt":{"rendered":"<p>Como ocurri\u00f3 en el inicio de la semana, los trabajadores de los bancos realizar\u00e1n asambleas entre las 12 y las 15, en reclamo por la homologaci\u00f3n de una compensaci\u00f3n salarial. El mi\u00e9rcoles, el gremio se re\u00fane en el Ministerio de Trabajo &nbsp; &nbsp; &nbsp; &nbsp; &nbsp; Los bancarios vuelven a parar este martes, al igual que hicieron el lunes, entre las 12 y las 15 horas, en el marco del plan de lucha que viene realizando, en este caso, en reclamo por la homologaci\u00f3n del acuerdo salarial firmado entre la&#8230;<\/p>\n","protected":false},"author":3,"featured_media":5489,"comment_status":"closed","ping_status":"closed","sticky":false,"template":"","format":"standard","meta":[],"categories":[2],"tags":[],"_links":{"self":[{"href":"https:\/\/www.actualidadadiario.com\/index.php\/wp-json\/wp\/v2\/posts\/5488"}],"collection":[{"href":"https:\/\/www.actualidadadiario.com\/index.php\/wp-json\/wp\/v2\/posts"}],"about":[{"href":"https:\/\/www.actualidadadiario.com\/index.php\/wp-json\/wp\/v2\/types\/post"}],"author":[{"embeddable":true,"href":"https:\/\/www.actualidadadiario.com\/index.php\/wp-json\/wp\/v2\/users\/3"}],"replies":[{"embeddable":true,"href":"https:\/\/www.actualidadadiario.com\/index.php\/wp-json\/wp\/v2\/comments?post=5488"}],"version-history":[{"count":1,"href":"https:\/\/www.actualidadadiario.com\/index.php\/wp-json\/wp\/v2\/posts\/5488\/revisions"}],"predecessor-version":[{"id":5490,"href":"https:\/\/www.actualidadadiario.com\/index.php\/wp-json\/wp\/v2\/posts\/5488\/revisions\/5490"}],"wp:featuredmedia":[{"embeddable":true,"href":"https:\/\/www.actualidadadiario.com\/index.php\/wp-json\/wp\/v2\/media\/5489"}],"wp:attachment":[{"href":"https:\/\/www.actualidadadiario.com\/index.php\/wp-json\/wp\/v2\/media?parent=5488"}],"wp:term":[{"taxonomy":"category","embeddable":true,"href":"https:\/\/www.actualidadadiario.com\/index.php\/wp-json\/wp\/v2\/categories?post=5488"},{"taxonomy":"post_tag","embeddable":true,"href":"https:\/\/www.actualidadadiario.com\/index.php\/wp-json\/wp\/v2\/tags?post=5488"}],"curies":[{"name":"wp","href":"https:\/\/api.w.org\/{rel}","templated":true}]}}