{"id":54879,"date":"2019-11-29T10:24:14","date_gmt":"2019-11-29T13:24:14","guid":{"rendered":"https:\/\/www.actualidadadiario.com\/?p=54879"},"modified":"2019-11-29T10:24:14","modified_gmt":"2019-11-29T13:24:14","slug":"por-tercer-ano-consecutivo-entre-rios-ocupa-el-cuarto-lugar-en-inversion-vial-con-fondos-propios","status":"publish","type":"post","link":"https:\/\/www.actualidadadiario.com\/index.php\/2019\/11\/29\/por-tercer-ano-consecutivo-entre-rios-ocupa-el-cuarto-lugar-en-inversion-vial-con-fondos-propios\/","title":{"rendered":"Por tercer a\u00f1o consecutivo Entre R\u00edos ocupa el cuarto lugar en inversi\u00f3n vial con fondos propios"},"content":{"rendered":"<p style=\"text-align: center;\"><em><strong>La Asamblea Anual del Consejo Vial Federal destac\u00f3 a Entre R\u00edos como la cuarta provincia con mayor inversi\u00f3n propia en su red vial por tercer a\u00f1o consecutivo. As\u00ed lo dio a conocer la directora Administradora de la Direcci\u00f3n Provincial de Vialidad (DPV), Alicia Ben\u00edtez, tras la Asamblea Anual del Consejo Vial Federal, desarrollada en la Ciudad Aut\u00f3noma de Buenos Aires (CABA)<\/strong><\/em><\/p>\n<p>&nbsp;<\/p>\n<p>\u201cEstoy muy orgullosa por estar entre las principales provincias por tercer a\u00f1o consecutivo en cuanto a inversi\u00f3n vial con recursos propios\u201d, destac\u00f3 Ben\u00edtez. \u201cNo s\u00f3lo fue una asamblea exitosa sino que se trataron temas tan importantes como la determinaci\u00f3n de los coeficientes de coparticipaci\u00f3n vial federal para el ejercicio 2020; fondos de coparticipaci\u00f3n vial federal; convenio colectivo de trabajo, entre otros temas\u201d, agreg\u00f3.<\/p>\n<p>La funcionaria consider\u00f3 que \u201ces muy importante seguir abordando el aumento de los fondos viales que provienen del impuesto a los combustible. Son los recursos genuinos a trav\u00e9s de los cuales las vialidades mantienen la red caminera; ejecutan obras y compran equipamiento\u201d.<\/p>\n<p>La titular del ente vial entrerriano remarc\u00f3 \u201cla pol\u00edtica vial impulsada por el gobernador Gustavo Bordet en la que se siguen ejecutando obras como la construcci\u00f3n de los puentes en Don Crist\u00f3bal; la pavimentaci\u00f3n de la ruta 51 de Larroque a Parera; el acceso a Spazetkuntter; y el acceso enripiado a la escuela N\u00ba 95 Santa Mar\u00eda en el distrito Chiquero, por nombrar solo algunas y que tienen como objetivo mejorar la calidad de vida de los entrerrianos y consolidar el crecimiento econ\u00f3mico de la provincia\u201d.<\/p>\n<p>Adem\u00e1s, en la asamblea anual, se plasmaron los resultados de los trabajos en comisi\u00f3n que durante el a\u00f1o estudiaron las juntas de asesores t\u00e9cnicos, contables y legales.<\/p>\n<p>El Consejo Vial tiene por funciones coordinar la obra vial del pa\u00eds, elaborar anualmente los coeficientes de coparticipaci\u00f3n vial federal proveniente del impuesto a las naftas, seg\u00fan lo establece la ley 23.966; realizar transferencia de tecnolog\u00eda; proponer normas jur\u00eddicas para el sector; establecer normas t\u00e9cnicas conjuntas entre la naci\u00f3n y las provincias y mantener las relaciones sindicales con la Federaci\u00f3n Argentina de Trabajadores Viales.<\/p>\n","protected":false},"excerpt":{"rendered":"<p>La Asamblea Anual del Consejo Vial Federal destac\u00f3 a Entre R\u00edos como la cuarta provincia con mayor inversi\u00f3n propia en su red vial por tercer a\u00f1o consecutivo. As\u00ed lo dio a conocer la directora Administradora de la Direcci\u00f3n Provincial de Vialidad (DPV), Alicia Ben\u00edtez, tras la Asamblea Anual del Consejo Vial Federal, desarrollada en la Ciudad Aut\u00f3noma de Buenos Aires (CABA) &nbsp; \u201cEstoy muy orgullosa por estar entre las principales provincias por tercer a\u00f1o consecutivo en cuanto a inversi\u00f3n vial con recursos propios\u201d, destac\u00f3 Ben\u00edtez. \u201cNo s\u00f3lo fue una asamblea&#8230;<\/p>\n","protected":false},"author":3,"featured_media":54880,"comment_status":"closed","ping_status":"closed","sticky":false,"template":"","format":"standard","meta":[],"categories":[15],"tags":[],"_links":{"self":[{"href":"https:\/\/www.actualidadadiario.com\/index.php\/wp-json\/wp\/v2\/posts\/54879"}],"collection":[{"href":"https:\/\/www.actualidadadiario.com\/index.php\/wp-json\/wp\/v2\/posts"}],"about":[{"href":"https:\/\/www.actualidadadiario.com\/index.php\/wp-json\/wp\/v2\/types\/post"}],"author":[{"embeddable":true,"href":"https:\/\/www.actualidadadiario.com\/index.php\/wp-json\/wp\/v2\/users\/3"}],"replies":[{"embeddable":true,"href":"https:\/\/www.actualidadadiario.com\/index.php\/wp-json\/wp\/v2\/comments?post=54879"}],"version-history":[{"count":1,"href":"https:\/\/www.actualidadadiario.com\/index.php\/wp-json\/wp\/v2\/posts\/54879\/revisions"}],"predecessor-version":[{"id":54881,"href":"https:\/\/www.actualidadadiario.com\/index.php\/wp-json\/wp\/v2\/posts\/54879\/revisions\/54881"}],"wp:featuredmedia":[{"embeddable":true,"href":"https:\/\/www.actualidadadiario.com\/index.php\/wp-json\/wp\/v2\/media\/54880"}],"wp:attachment":[{"href":"https:\/\/www.actualidadadiario.com\/index.php\/wp-json\/wp\/v2\/media?parent=54879"}],"wp:term":[{"taxonomy":"category","embeddable":true,"href":"https:\/\/www.actualidadadiario.com\/index.php\/wp-json\/wp\/v2\/categories?post=54879"},{"taxonomy":"post_tag","embeddable":true,"href":"https:\/\/www.actualidadadiario.com\/index.php\/wp-json\/wp\/v2\/tags?post=54879"}],"curies":[{"name":"wp","href":"https:\/\/api.w.org\/{rel}","templated":true}]}}