{"id":54877,"date":"2019-11-29T10:23:25","date_gmt":"2019-11-29T13:23:25","guid":{"rendered":"https:\/\/www.actualidadadiario.com\/?p=54877"},"modified":"2019-11-29T10:23:25","modified_gmt":"2019-11-29T13:23:25","slug":"el-tribunal-de-cuentas-y-el-ministerio-de-gobierno-capacitaran-a-autoridades-de-juntas-de-gobierno","status":"publish","type":"post","link":"https:\/\/www.actualidadadiario.com\/index.php\/2019\/11\/29\/el-tribunal-de-cuentas-y-el-ministerio-de-gobierno-capacitaran-a-autoridades-de-juntas-de-gobierno\/","title":{"rendered":"El Tribunal de cuentas y el Ministerio de Gobierno capacitar\u00e1n a autoridades de Juntas de Gobierno"},"content":{"rendered":"<p style=\"text-align: center;\"><em><strong>En el marco de las actividades que viene desarrollando el Tribunal de Cuentas de Entre R\u00edos (TCER), con el objetivo de continuar fortaleciendo el control p\u00fablico, se llevar\u00e1 a cabo una Jornada de Capacitaci\u00f3n para presidentes, tesoreros y secretarios de Juntas de Gobierno. Durante el encuentro se brindar\u00e1n conocimientos y se evacuaran dudas sobre la Resoluci\u00f3n N\u00b0 1286\/2015 del TCER &#8211; &#8220;Instructivo de pr\u00e1cticas administrativas, contables y renditivas por finalizaci\u00f3n de mandato&#8221;<\/strong><\/em><\/p>\n<p>&nbsp;<\/p>\n<p>La actividad, organizada conjuntamente con la Direcci\u00f3n de Juntas de Gobierno, dependiente del Ministerio de Gobierno y Justicia de la Provincia, se realizar\u00e1 durante 3 d\u00edas en la sede del Tribunal de Cuentas; y estar\u00e1 destinada a las 92 juntas de gobierno de los 17 departamentos de la Provincia<\/p>\n<p>Con este tipo de Jornadas de Capacitaci\u00f3n, desde el TCER, se procura fortalecer el control p\u00fablico en toda la Provincia y capacitar a los cuentadantes en sus funciones y obligaciones; pero tambi\u00e9n concientizarlos sobre la importancia de una rendici\u00f3n de cuentas veraz y oportuna, en beneficio de toda la sociedad y sus intereses. Asimismo se brindan herramientas para facilitar la presentaci\u00f3n y el proceso de la rendici\u00f3n de cuentas, evacuar dudas, unificar criterios y optimizar la relaci\u00f3n con el cuentadante.<\/p>\n<p>Durante el encuentro, adem\u00e1s, se capacitar\u00e1 y se evacuaran dudas sobre la Resoluci\u00f3n N\u00b0 1286\/2015 del TCER &#8211; &#8220;Instructivo de pr\u00e1cticas administrativas, contables y renditivas por finalizaci\u00f3n de mandato&#8221;, el cual posibilita deslindar responsabilidades en el manejo de los fondos p\u00fablicos que han sido percibidos e invertidos por quienes cesan, y los remanentes que reciben las autoridades entrantes.<\/p>\n<p>En este marco, profesionales del organismo de control y de la Direcci\u00f3n de Juntas de Gobierno del Ministerio de Gobierno y Justicia, abordar\u00e1n entre otras, las siguientes tem\u00e1ticas: recambio de autoridades; normas, requisitos y plazos renditivos; y aspectos legales y organizativos de la gesti\u00f3n.<\/p>\n<p>&nbsp;<\/p>\n<p><strong>Cronograma de la Jornada de Capacitaci\u00f3n:<\/strong><\/p>\n<p><strong>Martes 3 de diciembre:<\/strong> Departamentos de Paran\u00e1, La Paz, Feliciano, Federal y Federaci\u00f3n.<\/p>\n<p><strong>Mi\u00e9rcoles 4 de diciembre:<\/strong> Departamentos de Concordia, Colon, San Salvador, Uruguay, Gualeguaych\u00fa, Islas y Tala.<\/p>\n<p><strong>Jueves 5 de diciembre:<\/strong> Departamentos de Gualeguay, Victoria, Nogoy\u00e1, Diamante y Villaguay.<\/p>\n","protected":false},"excerpt":{"rendered":"<p>En el marco de las actividades que viene desarrollando el Tribunal de Cuentas de Entre R\u00edos (TCER), con el objetivo de continuar fortaleciendo el control p\u00fablico, se llevar\u00e1 a cabo una Jornada de Capacitaci\u00f3n para presidentes, tesoreros y secretarios de Juntas de Gobierno. Durante el encuentro se brindar\u00e1n conocimientos y se evacuaran dudas sobre la Resoluci\u00f3n N\u00b0 1286\/2015 del TCER &#8211; &#8220;Instructivo de pr\u00e1cticas administrativas, contables y renditivas por finalizaci\u00f3n de mandato&#8221; &nbsp; La actividad, organizada conjuntamente con la Direcci\u00f3n de Juntas de Gobierno, dependiente del Ministerio de Gobierno y&#8230;<\/p>\n","protected":false},"author":3,"featured_media":46669,"comment_status":"closed","ping_status":"closed","sticky":false,"template":"","format":"standard","meta":[],"categories":[15],"tags":[],"_links":{"self":[{"href":"https:\/\/www.actualidadadiario.com\/index.php\/wp-json\/wp\/v2\/posts\/54877"}],"collection":[{"href":"https:\/\/www.actualidadadiario.com\/index.php\/wp-json\/wp\/v2\/posts"}],"about":[{"href":"https:\/\/www.actualidadadiario.com\/index.php\/wp-json\/wp\/v2\/types\/post"}],"author":[{"embeddable":true,"href":"https:\/\/www.actualidadadiario.com\/index.php\/wp-json\/wp\/v2\/users\/3"}],"replies":[{"embeddable":true,"href":"https:\/\/www.actualidadadiario.com\/index.php\/wp-json\/wp\/v2\/comments?post=54877"}],"version-history":[{"count":1,"href":"https:\/\/www.actualidadadiario.com\/index.php\/wp-json\/wp\/v2\/posts\/54877\/revisions"}],"predecessor-version":[{"id":54878,"href":"https:\/\/www.actualidadadiario.com\/index.php\/wp-json\/wp\/v2\/posts\/54877\/revisions\/54878"}],"wp:featuredmedia":[{"embeddable":true,"href":"https:\/\/www.actualidadadiario.com\/index.php\/wp-json\/wp\/v2\/media\/46669"}],"wp:attachment":[{"href":"https:\/\/www.actualidadadiario.com\/index.php\/wp-json\/wp\/v2\/media?parent=54877"}],"wp:term":[{"taxonomy":"category","embeddable":true,"href":"https:\/\/www.actualidadadiario.com\/index.php\/wp-json\/wp\/v2\/categories?post=54877"},{"taxonomy":"post_tag","embeddable":true,"href":"https:\/\/www.actualidadadiario.com\/index.php\/wp-json\/wp\/v2\/tags?post=54877"}],"curies":[{"name":"wp","href":"https:\/\/api.w.org\/{rel}","templated":true}]}}