{"id":5485,"date":"2016-12-06T10:59:54","date_gmt":"2016-12-06T13:59:54","guid":{"rendered":"http:\/\/actualidadadiario.com\/site\/?p=5485"},"modified":"2016-12-06T10:59:54","modified_gmt":"2016-12-06T13:59:54","slug":"la-confesion-de-uno-de-los-curas-que-estuvo-en-el-insituto-provolo-de-verona-si-yo-fui-pedofilo","status":"publish","type":"post","link":"https:\/\/www.actualidadadiario.com\/index.php\/2016\/12\/06\/la-confesion-de-uno-de-los-curas-que-estuvo-en-el-insituto-provolo-de-verona-si-yo-fui-pedofilo\/","title":{"rendered":"La confesi\u00f3n de uno de los curas que estuvo en el Insituto Pr\u00f3volo de Verona: &#8220;S\u00ed, yo fui ped\u00f3filo&#8221;"},"content":{"rendered":"<p><em><strong>En 2009, uno de los sacerdotes que fue denunciado junto a Nicola Corradi y otros 120 curas por abusar sexualmente de ni\u00f1os hipoac\u00fasicos hab\u00eda contado en un medio con detalles los vej\u00e1menes contra los menores. Los hechos son tristemente parecidos a los sucedidos en Luj\u00e1n Cuyo<\/strong><\/em><\/p>\n<p>&nbsp;<\/p>\n<p>&nbsp;<\/p>\n<p>&nbsp;<\/p>\n<p>&nbsp;<\/p>\n<p>&nbsp;<\/p>\n<p>La nota la hizo en enero de 2009 el periodista Antonio Pr\u00f3volo, para el medio italiano L&#8217;Espresso, y el que habla es uno de los curas que particip\u00f3 de los abusos a menores en el Instituto Antonio Pr\u00f3volo de Verona durante tres d\u00e9cadas. Otro de los acusados, Nicola Corradi de 82 a\u00f1os est\u00e1 acusado de repetir el repudiable accionar con ni\u00f1os argentinos recientemente en el Instituto de Luj\u00e1n de Cuyo, en Mendoza.<\/p>\n<p>&nbsp;<\/p>\n<p>Las confesiones de este cura, de quien no se aclara el nombre, que fueron reproducidos por el medio Infobae este lunes, son escalofriantes ya que el sacerdote admite haber participado de los abusos y asegura que esta pr\u00e1ctica era habitual en sus pares.<\/p>\n<p>&nbsp;<\/p>\n<p>&#8220;S\u00ed, yo era un ped\u00f3filo&#8221;, confes\u00f3 el sacerdote. &#8220;Si se enteraran en el Pr\u00f3volo que habl\u00e9, ser\u00eda inmediatamente expulsado\u2026 y no s\u00e9 d\u00f3nde ir. Tengo pesadillas pensando que voy a quedarme sin casa&#8221;, admiti\u00f3 el hombre que durante a\u00f1os someti\u00f3 a la peor pesadilla a ni\u00f1os de entre 7 y 10 a\u00f1os.<\/p>\n<p>&nbsp;<\/p>\n<p>El cura dijo estar &#8220;avergonzado de los sacerdotes que niegan y hacen silencio. Hay mucha hipocres\u00eda y &#8216;omert\u00e1'&#8221;, dijo el cura sin que le temblara la voz.<\/p>\n<p>&nbsp;<\/p>\n<p>&#8220;S\u00ed, yo soy uno de los acusados por las personas sordas que viv\u00edan en el Instituto Pr\u00f3volo de Verona. De las cosas que he hecho no hay nada que ocultar, yo al menos tengo el valor de decir la verdad mientras otros guardan silencio&#8221;, dijo.<\/p>\n<p>&nbsp;<\/p>\n<p>Sobre los ni\u00f1os que abus\u00f3 dijo que &#8220;el primero ten\u00eda 7 u 8 a\u00f1os, no recuerdo exactamente. Estuve con quince peque\u00f1os sordos, pero con cinco o seis de ellos ten\u00eda contactos m\u00e1s frecuentes\u2026 Bueno, creo que estuve con trece\u2026 o tal vez un par m\u00e1s&#8221;.<\/p>\n<p>&nbsp;<\/p>\n<p>&nbsp;<\/p>\n<p>&nbsp;<\/p>\n<p>&nbsp;<\/p>\n<p>&nbsp;<\/p>\n<p><strong>La nota completa:<\/strong><\/p>\n<p>&#8211;<strong>\u00bfCu\u00e1ntas veces ha abusado?<\/strong><\/p>\n<p>-Una o dos veces al mes, a veces pasaba m\u00e1s tiempo.<\/p>\n<p>&nbsp;<\/p>\n<p>&#8211;<strong>\u00bfCu\u00e1nto tiempo ejerci\u00f3 esa violencia contra los ni\u00f1os?<\/strong><\/p>\n<p>-Muchos, muchos a\u00f1os. Yo no recuerdo exactamente, pero muchos, muchos a\u00f1os. Empec\u00e9 siendo un hombre joven y en ese entonces no me di cuenta\u2026 era un simple asistente. Lo hac\u00edan casi todos en otras instituciones. Era normal. Ese fue el mal h\u00e1bito.<\/p>\n<p>&nbsp;<\/p>\n<p>&#8211;<strong>\u00bfVio a otros abusar de los ni\u00f1os en el Pr\u00f3volo?<\/strong><\/p>\n<p>-S\u00ed, vi abusar (da el nombre de tres religiosos). Se pod\u00edan ver las actitudes\u2026 De nuestro grupo, solo muy pocos se han salvado de la pedofilia.<\/p>\n<p>&nbsp;<\/p>\n<p>&#8211;<strong>\u00bfAlguna vez alguien fue expulsado del Instituto por ped\u00f3filo?<\/strong><\/p>\n<p>-S\u00ed, hermano\u2026 (se refiere al cura Danilo Corradi, superior del Pr\u00f3volo, que recibi\u00f3 una admonici\u00f3n can\u00f3nica porque \u00ablas acusaciones no pudieron ser probadas, pero ante la duda se dispuso la estricta vigilancia de los responsables de su comportamiento&#8221;).<\/p>\n<p>&nbsp;<\/p>\n<p>&#8211;<strong>\u00bfPor qu\u00e9 \u00e9l s\u00ed y otros no?<\/strong><\/p>\n<p>-Fue un violento, el m\u00e1s malo, da\u00f1\u00f3 a los ni\u00f1os y fue enviado lejos.<\/p>\n<p>&nbsp;<\/p>\n<p>&#8211;<strong>\u00bfContinu\u00f3 la violencia sexual despu\u00e9s de aquel episodio?<\/strong><\/p>\n<p>-S\u00ed.<\/p>\n<p>&nbsp;<\/p>\n<p>&#8211;<strong>\u00bfLos superiores del Instituto sab\u00edan lo que all\u00ed ocurr\u00eda?<\/strong><\/p>\n<p>-Por supuesto que conoc\u00edan lo que pasaba.<\/p>\n<p>&nbsp;<\/p>\n<p>&#8211;<strong>\u00bfLes confes\u00f3 a otros sacerdotes que usted era un ped\u00f3filo?<\/strong><\/p>\n<p>-No, me puse de rodillas y me confes\u00e9 ante Dios y or\u00e9. Le he pedido perd\u00f3n al Se\u00f1or. La pedofilia ha hecho tambalear mi vida\u2026 Pero encontr\u00e9 en los ni\u00f1os una cierta belleza, una cierta atracci\u00f3n.<\/p>\n<p>&nbsp;<\/p>\n<p>&#8211;<strong>\u00bfHablaron entre ustedes, en la intimidad del Pr\u00f3volo, de la acusaci\u00f3n de pedofilia despu\u00e9s de que se conociera la investigaci\u00f3n de L&#8217;Espresso?<\/strong><\/p>\n<p>-S\u00ed, la reacci\u00f3n fue fea, chocante, pero la mayor\u00eda permaneci\u00f3 en silencio, porque sab\u00eda lo que all\u00ed ocurr\u00eda. Sali\u00f3 a la luz una cadena de odio entre los sacerdotes\u2026 Es dif\u00edcil compartir la mancha de la pedofilia y todo el mundo guard\u00f3 para s\u00ed sus pensamientos. Adem\u00e1s, el abogado nos dijo que no habl\u00e1ramos con nadie. Pero alguien habl\u00f3 y le fue bien\u2026 Yo tambi\u00e9n quise hablar y ahora me siento aliviado. Lo digo as\u00ed, de un modo simple: me equivoqu\u00e9, estoy mal, pido perd\u00f3n.<\/p>\n","protected":false},"excerpt":{"rendered":"<p>En 2009, uno de los sacerdotes que fue denunciado junto a Nicola Corradi y otros 120 curas por abusar sexualmente de ni\u00f1os hipoac\u00fasicos hab\u00eda contado en un medio con detalles los vej\u00e1menes contra los menores. Los hechos son tristemente parecidos a los sucedidos en Luj\u00e1n Cuyo &nbsp; &nbsp; &nbsp; &nbsp; &nbsp; La nota la hizo en enero de 2009 el periodista Antonio Pr\u00f3volo, para el medio italiano L&#8217;Espresso, y el que habla es uno de los curas que particip\u00f3 de los abusos a menores en el Instituto Antonio Pr\u00f3volo de&#8230;<\/p>\n","protected":false},"author":3,"featured_media":5486,"comment_status":"closed","ping_status":"closed","sticky":false,"template":"","format":"standard","meta":[],"categories":[4],"tags":[],"_links":{"self":[{"href":"https:\/\/www.actualidadadiario.com\/index.php\/wp-json\/wp\/v2\/posts\/5485"}],"collection":[{"href":"https:\/\/www.actualidadadiario.com\/index.php\/wp-json\/wp\/v2\/posts"}],"about":[{"href":"https:\/\/www.actualidadadiario.com\/index.php\/wp-json\/wp\/v2\/types\/post"}],"author":[{"embeddable":true,"href":"https:\/\/www.actualidadadiario.com\/index.php\/wp-json\/wp\/v2\/users\/3"}],"replies":[{"embeddable":true,"href":"https:\/\/www.actualidadadiario.com\/index.php\/wp-json\/wp\/v2\/comments?post=5485"}],"version-history":[{"count":1,"href":"https:\/\/www.actualidadadiario.com\/index.php\/wp-json\/wp\/v2\/posts\/5485\/revisions"}],"predecessor-version":[{"id":5487,"href":"https:\/\/www.actualidadadiario.com\/index.php\/wp-json\/wp\/v2\/posts\/5485\/revisions\/5487"}],"wp:featuredmedia":[{"embeddable":true,"href":"https:\/\/www.actualidadadiario.com\/index.php\/wp-json\/wp\/v2\/media\/5486"}],"wp:attachment":[{"href":"https:\/\/www.actualidadadiario.com\/index.php\/wp-json\/wp\/v2\/media?parent=5485"}],"wp:term":[{"taxonomy":"category","embeddable":true,"href":"https:\/\/www.actualidadadiario.com\/index.php\/wp-json\/wp\/v2\/categories?post=5485"},{"taxonomy":"post_tag","embeddable":true,"href":"https:\/\/www.actualidadadiario.com\/index.php\/wp-json\/wp\/v2\/tags?post=5485"}],"curies":[{"name":"wp","href":"https:\/\/api.w.org\/{rel}","templated":true}]}}