{"id":54844,"date":"2019-11-28T11:21:28","date_gmt":"2019-11-28T14:21:28","guid":{"rendered":"https:\/\/www.actualidadadiario.com\/?p=54844"},"modified":"2019-11-28T11:21:28","modified_gmt":"2019-11-28T14:21:28","slug":"futbol-para-todos-el-juez-rafecas-sobreseyo-a-20-exfuncionarios-y-empresarios","status":"publish","type":"post","link":"https:\/\/www.actualidadadiario.com\/index.php\/2019\/11\/28\/futbol-para-todos-el-juez-rafecas-sobreseyo-a-20-exfuncionarios-y-empresarios\/","title":{"rendered":"F\u00fatbol para Todos: el juez Rafecas sobresey\u00f3 a 20 exfuncionarios y empresarios"},"content":{"rendered":"<p style=\"text-align: center;\"><em><strong>El juez federal Daniel Rafecas sobresey\u00f3 a los exjefes de Gabinete del kirchnerismo Anibal Fern\u00e1ndez y Juan Manuel Abal Medina, y al empresario Alejandro Burzaco, entre otros imputados, en una causa por supuestos delitos en la adquisici\u00f3n de derechos televisivos en el programa F\u00fatbol para Todos<\/strong><\/em><\/p>\n<p>&nbsp;<\/p>\n<p>&nbsp;<\/p>\n<p>La decisi\u00f3n benefici\u00f3 adem\u00e1s a quienes coordinaron el Programa, Gabriel Mariotto y Pablo Paladino, acusados por el delito de defraudaci\u00f3n a la administraci\u00f3n p\u00fablica, y a otros 15 imputados.<\/p>\n<p>Rafecas desestim\u00f3 por &#8221; inexistencia de delito&#8221; la denuncia presentada por la Procuradur\u00eda de Criminalidad Econ\u00f3mica y Lavado de Activos (Procelac) por supuesto lavado de activos, que implicaba a Burzaco, exCEO de Torneos y Competencias, y lo sobresey\u00f3 junto a los exfuncionarios por el delito de defraudaci\u00f3n.<\/p>\n<p>En la denuncia se alud\u00eda a una presunta &#8220;existencia de una maniobra delictiva llevada adelante en el marco de las contrataciones entre funcionarios&#8221; y la &#8220;empresa &#8216;Torneos y Competencias SA&#8221; para ocho torneos entre 2011 y 2013 por un total de 33.050.000 d\u00f3lares que el Estado Nacional &#8220;fue abusivamente obligado&#8221; a pagar&#8221;, seg\u00fan el dictamen fiscal que impuls\u00f3 el caso.<\/p>\n<p>&#8220;No se aprecia que la maniobra desplegada hubiese estado orientada a generar un perjuicio patrimonial a la administraci\u00f3n p\u00fablica&#8221;, concluy\u00f3 Rafecas al sobreseer a los imputados. El juez aludi\u00f3 adem\u00e1s a un peritaje en el que &#8220;no pudo demostrarse&#8221; el perjuicio.<\/p>\n<p>&#8220;Tampoco se ha advertido que la conducta desplegada haya tenido como meta -con independencia de la inexistencia de da\u00f1o para el erario p\u00fablico- el beneficio del particular&#8221;. Adem\u00e1s, agreg\u00f3 que de las pruebas en el caso no han exhibido &#8220;la presencia de un lazo entre los funcionarios y los empresarios capaces de solventar la hip\u00f3tesis en la que se funda la acusaci\u00f3n&#8221;.<\/p>\n<p>Tambi\u00e9n argument\u00f3 que los ahora sobrese\u00eddos exfuncionarios estuvieron &#8220;lejos de haber ingresado con su actuaci\u00f3n en un \u00e1mbito prohibido&#8221;. &#8220;No se evidencia que se hayan salido en ning\u00fan momento del marco legal que regula el desempe\u00f1o de sus roles, a partir de las adquisiciones de los derechos de televisaci\u00f3n de los eventos deportivos pues las mismas no son otra cosa que la materializac\u00f3n de decisiones enmarcadas en la normativa legal que regulaba ese \u00e1mbito de la gesti\u00f3n de gobierno&#8221;.<\/p>\n<p>El sobreseimiento benefici\u00f3 adem\u00e1s a otro excoordinador del Programa, Pablo Paladino, y a otros 15 imputados.<\/p>\n","protected":false},"excerpt":{"rendered":"<p>El juez federal Daniel Rafecas sobresey\u00f3 a los exjefes de Gabinete del kirchnerismo Anibal Fern\u00e1ndez y Juan Manuel Abal Medina, y al empresario Alejandro Burzaco, entre otros imputados, en una causa por supuestos delitos en la adquisici\u00f3n de derechos televisivos en el programa F\u00fatbol para Todos &nbsp; &nbsp; La decisi\u00f3n benefici\u00f3 adem\u00e1s a quienes coordinaron el Programa, Gabriel Mariotto y Pablo Paladino, acusados por el delito de defraudaci\u00f3n a la administraci\u00f3n p\u00fablica, y a otros 15 imputados. Rafecas desestim\u00f3 por &#8221; inexistencia de delito&#8221; la denuncia presentada por la Procuradur\u00eda&#8230;<\/p>\n","protected":false},"author":3,"featured_media":54845,"comment_status":"closed","ping_status":"closed","sticky":false,"template":"","format":"standard","meta":[],"categories":[18],"tags":[],"_links":{"self":[{"href":"https:\/\/www.actualidadadiario.com\/index.php\/wp-json\/wp\/v2\/posts\/54844"}],"collection":[{"href":"https:\/\/www.actualidadadiario.com\/index.php\/wp-json\/wp\/v2\/posts"}],"about":[{"href":"https:\/\/www.actualidadadiario.com\/index.php\/wp-json\/wp\/v2\/types\/post"}],"author":[{"embeddable":true,"href":"https:\/\/www.actualidadadiario.com\/index.php\/wp-json\/wp\/v2\/users\/3"}],"replies":[{"embeddable":true,"href":"https:\/\/www.actualidadadiario.com\/index.php\/wp-json\/wp\/v2\/comments?post=54844"}],"version-history":[{"count":1,"href":"https:\/\/www.actualidadadiario.com\/index.php\/wp-json\/wp\/v2\/posts\/54844\/revisions"}],"predecessor-version":[{"id":54846,"href":"https:\/\/www.actualidadadiario.com\/index.php\/wp-json\/wp\/v2\/posts\/54844\/revisions\/54846"}],"wp:featuredmedia":[{"embeddable":true,"href":"https:\/\/www.actualidadadiario.com\/index.php\/wp-json\/wp\/v2\/media\/54845"}],"wp:attachment":[{"href":"https:\/\/www.actualidadadiario.com\/index.php\/wp-json\/wp\/v2\/media?parent=54844"}],"wp:term":[{"taxonomy":"category","embeddable":true,"href":"https:\/\/www.actualidadadiario.com\/index.php\/wp-json\/wp\/v2\/categories?post=54844"},{"taxonomy":"post_tag","embeddable":true,"href":"https:\/\/www.actualidadadiario.com\/index.php\/wp-json\/wp\/v2\/tags?post=54844"}],"curies":[{"name":"wp","href":"https:\/\/api.w.org\/{rel}","templated":true}]}}