{"id":54842,"date":"2019-11-28T11:20:42","date_gmt":"2019-11-28T14:20:42","guid":{"rendered":"https:\/\/www.actualidadadiario.com\/?p=54842"},"modified":"2019-11-28T11:20:42","modified_gmt":"2019-11-28T14:20:42","slug":"cambiemos-crece-la-puja-de-poder-y-hay-riesgo-de-fractura-en-diputados","status":"publish","type":"post","link":"https:\/\/www.actualidadadiario.com\/index.php\/2019\/11\/28\/cambiemos-crece-la-puja-de-poder-y-hay-riesgo-de-fractura-en-diputados\/","title":{"rendered":"Cambiemos: crece la puja de poder y hay riesgo de fractura en Diputados"},"content":{"rendered":"<p style=\"text-align: center;\"><em><strong>El mandatario frena la posibilidad de un nuevo bloque en el Congreso, que se identifica con Monz\u00f3. Este \u00faltimo encabeza este jueves un acto en Florencio Varela y propone ampliar la base de Cambiemos<\/strong><\/em><\/p>\n<p>&nbsp;<\/p>\n<p>&nbsp;<\/p>\n<p>Cambiemos empieza a ver movimientos nuevos, a d\u00edas de dejar el poder. Uno de ellos ocurrir\u00e1 hoy en Florencio Varela, cuando el saliente presidente de la C\u00e1mara de Diputados, Emilio Monz\u00f3, encabece un acto que apunta a diferenciarlo en la futura oposici\u00f3n. El presidente Mauricio Macri, que apuesta a liderar ese espacio, tendr\u00e1 que responder a reclamos de sus pares, que reclaman el fin del verticalismo.<\/p>\n<p>El Presidente, desde sus inicios en la pol\u00edtica, que est\u00e1 acostumbrado a tener poder de veto en la toma de decisiones de su espacio pol\u00edtico. A 12 d\u00edas de dejar el poder, sigue dando muestras de ese car\u00e1cter. Por un lado, intenta impulsar a Miguel \u00c1ngel Pichetto al frente de la AGN, lo que genera tensi\u00f3n con la UCR. Por el otro, resiste a que los referentes que se sienten identificados con Monz\u00f3, como Silvia Lospennato o Sebasti\u00e1n Garc\u00eda de Luca, armen su bloque en Diputados, por dentro del interbloque Cambiemos.<\/p>\n<p>Por tanto, ser\u00e1 interesante escuchar hoy a Monz\u00f3, en el club Nahuel de Florencio Varela. Es esperable que, quien fuera el principal armador de Macri para su llegada a la Casa Rosada (fue el ministro de Gobierno porte\u00f1o que traz\u00f3 las alianzas territoriales con el entonces jefe de Gobierno porte\u00f1o), lance algunos dardos en busca de armar un &#8220;neo-Cambiemos&#8221;. Su objetivo ser\u00eda representar a aquellos dirigentes del interior, como el sanjuanino Marcelo Orrego, quienes &#8220;no se quieren pintar de amarillo PRO&#8221;, pero que seguir\u00edan dentro del oficialismo. Monz\u00f3 quiere empezar a construir una base, a futuro, y su principal basti\u00f3n para este oriundo de Carlos Tejedor es la provincia de Buenos Aires.<\/p>\n<p>En tanto, Macri todav\u00eda busca mantener su liderazgo en la mesa de decisi\u00f3n de Cambiemos. Esta semana asegur\u00f3 que representar\u00e1 una &#8220;oposici\u00f3n constructiva&#8221;, en alusi\u00f3n a la posici\u00f3n de su espacio en el Congreso. Pero justamente, por estas horas, empiezan a escucharse versiones de que Cambiemos no contendr\u00eda sus 119 diputados, ya que tres legisladores abandonar\u00edan ese espacio, como el diputado Pablo Ansaloni.<\/p>\n<p>Incluso, el liderazgo del PRO parece que ser\u00e1 m\u00e1s horizontal a futuro. Si bien, Macri logr\u00f3 instalar a Patricia Bullrich como futura l\u00edder del partido, el secretario general ser\u00e1 Eduardo Machiavelli. Este fue el jefe de campa\u00f1a de Horacio Rodr\u00edguez Larreta, quien obtuvo el 55% de los votos en la Ciudad. El jefe de Gobierno porte\u00f1o es el \u00fanico referente del PRO que mantendr\u00e1 poder real, al frente de un distrito, a partir del 10 de diciembre y buscar\u00e1 influir m\u00e1s en la toma de decisiones.<\/p>\n<p>Entretanto, Macri hasta tendr\u00e1 que lidiar con la UCR. No habr\u00eda fumata blanca para que, tal como pidi\u00f3 el Presidente, su compa\u00f1ero de f\u00f3rmula Miguel Pichetto quede al frente de la Auditor\u00eda General de la Naci\u00f3n. Por consiguiente, deber\u00e1 sentarse con el l\u00edder radical, Alfredo Cornejo, para definir c\u00f3mo ocupar\u00e1n organismos claves para controlar al peronismo en el poder. Otro de los entes claves ser\u00e1 el Consejo de la Magistratura. Todos cargos que reclamar\u00e1n una discusi\u00f3n entre los referentes del PRO y la UCR.<\/p>\n","protected":false},"excerpt":{"rendered":"<p>El mandatario frena la posibilidad de un nuevo bloque en el Congreso, que se identifica con Monz\u00f3. Este \u00faltimo encabeza este jueves un acto en Florencio Varela y propone ampliar la base de Cambiemos &nbsp; &nbsp; Cambiemos empieza a ver movimientos nuevos, a d\u00edas de dejar el poder. Uno de ellos ocurrir\u00e1 hoy en Florencio Varela, cuando el saliente presidente de la C\u00e1mara de Diputados, Emilio Monz\u00f3, encabece un acto que apunta a diferenciarlo en la futura oposici\u00f3n. El presidente Mauricio Macri, que apuesta a liderar ese espacio, tendr\u00e1 que&#8230;<\/p>\n","protected":false},"author":3,"featured_media":37359,"comment_status":"closed","ping_status":"closed","sticky":false,"template":"","format":"standard","meta":[],"categories":[18],"tags":[],"_links":{"self":[{"href":"https:\/\/www.actualidadadiario.com\/index.php\/wp-json\/wp\/v2\/posts\/54842"}],"collection":[{"href":"https:\/\/www.actualidadadiario.com\/index.php\/wp-json\/wp\/v2\/posts"}],"about":[{"href":"https:\/\/www.actualidadadiario.com\/index.php\/wp-json\/wp\/v2\/types\/post"}],"author":[{"embeddable":true,"href":"https:\/\/www.actualidadadiario.com\/index.php\/wp-json\/wp\/v2\/users\/3"}],"replies":[{"embeddable":true,"href":"https:\/\/www.actualidadadiario.com\/index.php\/wp-json\/wp\/v2\/comments?post=54842"}],"version-history":[{"count":1,"href":"https:\/\/www.actualidadadiario.com\/index.php\/wp-json\/wp\/v2\/posts\/54842\/revisions"}],"predecessor-version":[{"id":54843,"href":"https:\/\/www.actualidadadiario.com\/index.php\/wp-json\/wp\/v2\/posts\/54842\/revisions\/54843"}],"wp:featuredmedia":[{"embeddable":true,"href":"https:\/\/www.actualidadadiario.com\/index.php\/wp-json\/wp\/v2\/media\/37359"}],"wp:attachment":[{"href":"https:\/\/www.actualidadadiario.com\/index.php\/wp-json\/wp\/v2\/media?parent=54842"}],"wp:term":[{"taxonomy":"category","embeddable":true,"href":"https:\/\/www.actualidadadiario.com\/index.php\/wp-json\/wp\/v2\/categories?post=54842"},{"taxonomy":"post_tag","embeddable":true,"href":"https:\/\/www.actualidadadiario.com\/index.php\/wp-json\/wp\/v2\/tags?post=54842"}],"curies":[{"name":"wp","href":"https:\/\/api.w.org\/{rel}","templated":true}]}}