{"id":54839,"date":"2019-11-28T11:19:58","date_gmt":"2019-11-28T14:19:58","guid":{"rendered":"https:\/\/www.actualidadadiario.com\/?p=54839"},"modified":"2019-11-28T11:19:58","modified_gmt":"2019-11-28T14:19:58","slug":"gobernadores-mueven-su-jura-para-asegurar-foto-con-alberto","status":"publish","type":"post","link":"https:\/\/www.actualidadadiario.com\/index.php\/2019\/11\/28\/gobernadores-mueven-su-jura-para-asegurar-foto-con-alberto\/","title":{"rendered":"Gobernadores mueven su jura para asegurar foto con Alberto"},"content":{"rendered":"<p style=\"text-align: center;\"><em><strong>Desde el bonaerense Kicillof hasta el santafesino Perotti buscan modificar el d\u00eda para poder presenciar la toma de mando del presidente electo en el Congreso. Otros postergan hora de ceremonia<\/strong><\/em><\/p>\n<p>&nbsp;<\/p>\n<p>&nbsp;<\/p>\n<p>Axel Kicillof planea sumarse al lote de gobernadores que demorar\u00eda (o adelantar\u00eda) un d\u00eda su asunci\u00f3n para poder estar en el acto en el que Alberto Fern\u00e1ndez y Cristina Fern\u00e1ndez ser\u00e1n proclamados como presidente y vice del pa\u00eds. Pese a que todav\u00eda no fue confirmado, el exministro de Econom\u00eda tiene toda la intenci\u00f3n de poder estar junto a los referentes nacionales para seguir dando muestras necesarias de unidad.<\/p>\n<p>No se trata del primer mandatario electo en tomar esta decisi\u00f3n. De seguir esta l\u00ednea, los Fern\u00e1ndez podr\u00edan contar con una gran asistencia de gobernadores en caso de que la mayor\u00eda de los jefes provinciales electos tambi\u00e9n modifique el d\u00eda de asunci\u00f3n.<\/p>\n<p>El objetivo es claro: presencia y fuerza. Claro que, adem\u00e1s, ning\u00fan gobernador quiere perder protagonismo y la idea de la superposici\u00f3n les juega en contra a todos por igual. Alicia Kirchner, en Santa Cruz, fue una de las primeras en modificar su calendario para poder estar en la Ciudad de Buenos Aires. Ser\u00e1 reelecta el 11-D. Tambi\u00e9n en el sur del pa\u00eds, Arabela Carreras (en R\u00edo Negro) y Mariano Arcioni (Chubut) ir\u00e1n por la contraria: adelantar\u00e1n la asunci\u00f3n al 9 de diciembre.<\/p>\n<p>En Santa Fe, Omar Perotti har\u00e1 lo propio el 11 de diciembre mientras que en San Juan, Sergio U\u00f1ac tomar\u00e1 el poder el 9-D. En La Rioja, Ricardo Quintela mantuvo la fecha del 10-D con la particularidad de que realizar\u00e1 su jura a las 20 para poder estar a la ma\u00f1ana en la Ciudad.<\/p>\n<p>La jornada de asunci\u00f3n de los Fern\u00e1ndez comenzar\u00e1 con la jura en el Congreso a las 11. A esa hora, la vicepresidenta saliente, Gabriela Michetti, le tomar\u00e1 juramento a su sucesora, Cristina Fern\u00e1ndez de Kirchner, quien luego pondr\u00e1 en funciones a Alberto Fern\u00e1ndez como presidente. En ese momento, Mauricio Macri entregar\u00e1 los atributos a Fern\u00e1ndez, quien de inmediato pronunciar\u00e1 ante la Asamblea Legislativa su primer discurso como jefe del Estado.<\/p>\n<p>M\u00e1s tarde, el flamante mandatario se trasladar\u00e1 a la Casa Rosada, donde se espera que les tome juramento a sus ministros y luego habr\u00e1 festejos en la Plaza de Mayo.<\/p>\n<p>Por esta larga agenda, los gobernadores buscan modificar el d\u00eda de su asunci\u00f3n para poder garantizar su presencia en el acto nacional. En el caso de la provincia de Buenos Aires, en caso de que Kicillof confirme la demora de su proclamaci\u00f3n, el vicepresidente primero de la C\u00e1mara de Senadores se har\u00e1 cargo del ejecutivo provincial por un d\u00eda. Habr\u00e1 que ver a qui\u00e9n designan las autoridades legislativas para ocupar ese rol en la asunci\u00f3n de los nuevos senadores. Se presume que Emiliano Reparaz se har\u00e1 cargo de ese lugar y del t\u00edtulo de ser gobernador por un d\u00eda.<\/p>\n","protected":false},"excerpt":{"rendered":"<p>Desde el bonaerense Kicillof hasta el santafesino Perotti buscan modificar el d\u00eda para poder presenciar la toma de mando del presidente electo en el Congreso. Otros postergan hora de ceremonia &nbsp; &nbsp; Axel Kicillof planea sumarse al lote de gobernadores que demorar\u00eda (o adelantar\u00eda) un d\u00eda su asunci\u00f3n para poder estar en el acto en el que Alberto Fern\u00e1ndez y Cristina Fern\u00e1ndez ser\u00e1n proclamados como presidente y vice del pa\u00eds. Pese a que todav\u00eda no fue confirmado, el exministro de Econom\u00eda tiene toda la intenci\u00f3n de poder estar junto a&#8230;<\/p>\n","protected":false},"author":3,"featured_media":54840,"comment_status":"closed","ping_status":"closed","sticky":false,"template":"","format":"standard","meta":[],"categories":[18],"tags":[],"_links":{"self":[{"href":"https:\/\/www.actualidadadiario.com\/index.php\/wp-json\/wp\/v2\/posts\/54839"}],"collection":[{"href":"https:\/\/www.actualidadadiario.com\/index.php\/wp-json\/wp\/v2\/posts"}],"about":[{"href":"https:\/\/www.actualidadadiario.com\/index.php\/wp-json\/wp\/v2\/types\/post"}],"author":[{"embeddable":true,"href":"https:\/\/www.actualidadadiario.com\/index.php\/wp-json\/wp\/v2\/users\/3"}],"replies":[{"embeddable":true,"href":"https:\/\/www.actualidadadiario.com\/index.php\/wp-json\/wp\/v2\/comments?post=54839"}],"version-history":[{"count":1,"href":"https:\/\/www.actualidadadiario.com\/index.php\/wp-json\/wp\/v2\/posts\/54839\/revisions"}],"predecessor-version":[{"id":54841,"href":"https:\/\/www.actualidadadiario.com\/index.php\/wp-json\/wp\/v2\/posts\/54839\/revisions\/54841"}],"wp:featuredmedia":[{"embeddable":true,"href":"https:\/\/www.actualidadadiario.com\/index.php\/wp-json\/wp\/v2\/media\/54840"}],"wp:attachment":[{"href":"https:\/\/www.actualidadadiario.com\/index.php\/wp-json\/wp\/v2\/media?parent=54839"}],"wp:term":[{"taxonomy":"category","embeddable":true,"href":"https:\/\/www.actualidadadiario.com\/index.php\/wp-json\/wp\/v2\/categories?post=54839"},{"taxonomy":"post_tag","embeddable":true,"href":"https:\/\/www.actualidadadiario.com\/index.php\/wp-json\/wp\/v2\/tags?post=54839"}],"curies":[{"name":"wp","href":"https:\/\/api.w.org\/{rel}","templated":true}]}}