{"id":54837,"date":"2019-11-28T11:19:11","date_gmt":"2019-11-28T14:19:11","guid":{"rendered":"https:\/\/www.actualidadadiario.com\/?p=54837"},"modified":"2019-11-28T11:19:11","modified_gmt":"2019-11-28T14:19:11","slug":"cristina-pide-que-su-declaracion-en-la-causa-lazaro-baez-se-transmita-en-vivo","status":"publish","type":"post","link":"https:\/\/www.actualidadadiario.com\/index.php\/2019\/11\/28\/cristina-pide-que-su-declaracion-en-la-causa-lazaro-baez-se-transmita-en-vivo\/","title":{"rendered":"Cristina pide que su declaraci\u00f3n en la causa L\u00e1zaro B\u00e1ez se transmita en vivo"},"content":{"rendered":"<p style=\"text-align: center;\"><em><strong>Este lunes declarar\u00e1 por el juicio por supuestos delitos con la obra p\u00fablica en Santa Cruz. Su abogado pedir\u00e1 que haya c\u00e1maras<\/strong><\/em><\/p>\n<p>&nbsp;<\/p>\n<p>&nbsp;<\/p>\n<p>Cristina Kirchner pedir\u00e1 este jueves que se garantice la transmisi\u00f3n en vivo de la declaraci\u00f3n que deber\u00e1 hacer el lunes pr\u00f3ximo, en el juicio en su contra por supuestos delitos con la obra p\u00fablica en Santa Cruz durante su gobierno.<\/p>\n<p>El abogado Carlos Beraldi, que patrocina a la ex mandataria, efectuar\u00e1 ma\u00f1ana el reclamo ante el Tribunal Oral Federal 2 por pedido de su cliente, informaron fuentes del Instituto Patria.<\/p>\n<p>El 25 de noviembre el tribunal cit\u00f3 a Cristina para el pr\u00f3ximo lunes, a las 9.30, a fin de prestar declaraci\u00f3n indagatoria en el juicio donde est\u00e1 procesada por presunto direccionamiento de la obra p\u00fablica a favor de empresas del detenido L\u00e1zaro B\u00e1ez.<\/p>\n<p>Con la indagatoria a la ex presidenta se cerrar\u00e1 la ronda de declaraciones de los 13 procesados y comenzar\u00e1 la etapa de declaraciones de testigos, que se extender\u00e1 hasta mediados del 2020<\/p>\n<p>En el juicio se debaten supuestos delitos en la adjudicaci\u00f3n de obra p\u00fablica nacional en Santa Cruz a la empresa &#8220;Austral Construcciones&#8221;, de B\u00e1ez, y el presunto pago de sobreprecios e incumplimientos en la construcci\u00f3n.<\/p>\n<p>Adem\u00e1s de la ex presidenta y el empresario, tambi\u00e9n son juzgados los detenidos ex ministro de Planificaci\u00f3n Julio De Vido y el ex secretario de Obras P\u00fablicas Jos\u00e9 L\u00f3pez, entre otros ex funcionarios.<\/p>\n","protected":false},"excerpt":{"rendered":"<p>Este lunes declarar\u00e1 por el juicio por supuestos delitos con la obra p\u00fablica en Santa Cruz. Su abogado pedir\u00e1 que haya c\u00e1maras &nbsp; &nbsp; Cristina Kirchner pedir\u00e1 este jueves que se garantice la transmisi\u00f3n en vivo de la declaraci\u00f3n que deber\u00e1 hacer el lunes pr\u00f3ximo, en el juicio en su contra por supuestos delitos con la obra p\u00fablica en Santa Cruz durante su gobierno. El abogado Carlos Beraldi, que patrocina a la ex mandataria, efectuar\u00e1 ma\u00f1ana el reclamo ante el Tribunal Oral Federal 2 por pedido de su cliente, informaron&#8230;<\/p>\n","protected":false},"author":3,"featured_media":47363,"comment_status":"closed","ping_status":"closed","sticky":false,"template":"","format":"standard","meta":[],"categories":[18],"tags":[],"_links":{"self":[{"href":"https:\/\/www.actualidadadiario.com\/index.php\/wp-json\/wp\/v2\/posts\/54837"}],"collection":[{"href":"https:\/\/www.actualidadadiario.com\/index.php\/wp-json\/wp\/v2\/posts"}],"about":[{"href":"https:\/\/www.actualidadadiario.com\/index.php\/wp-json\/wp\/v2\/types\/post"}],"author":[{"embeddable":true,"href":"https:\/\/www.actualidadadiario.com\/index.php\/wp-json\/wp\/v2\/users\/3"}],"replies":[{"embeddable":true,"href":"https:\/\/www.actualidadadiario.com\/index.php\/wp-json\/wp\/v2\/comments?post=54837"}],"version-history":[{"count":1,"href":"https:\/\/www.actualidadadiario.com\/index.php\/wp-json\/wp\/v2\/posts\/54837\/revisions"}],"predecessor-version":[{"id":54838,"href":"https:\/\/www.actualidadadiario.com\/index.php\/wp-json\/wp\/v2\/posts\/54837\/revisions\/54838"}],"wp:featuredmedia":[{"embeddable":true,"href":"https:\/\/www.actualidadadiario.com\/index.php\/wp-json\/wp\/v2\/media\/47363"}],"wp:attachment":[{"href":"https:\/\/www.actualidadadiario.com\/index.php\/wp-json\/wp\/v2\/media?parent=54837"}],"wp:term":[{"taxonomy":"category","embeddable":true,"href":"https:\/\/www.actualidadadiario.com\/index.php\/wp-json\/wp\/v2\/categories?post=54837"},{"taxonomy":"post_tag","embeddable":true,"href":"https:\/\/www.actualidadadiario.com\/index.php\/wp-json\/wp\/v2\/tags?post=54837"}],"curies":[{"name":"wp","href":"https:\/\/api.w.org\/{rel}","templated":true}]}}