{"id":54835,"date":"2019-11-28T11:18:16","date_gmt":"2019-11-28T14:18:16","guid":{"rendered":"https:\/\/www.actualidadadiario.com\/?p=54835"},"modified":"2019-11-28T11:18:16","modified_gmt":"2019-11-28T14:18:16","slug":"avruj-le-respondio-a-la-onu-con-un-ataque","status":"publish","type":"post","link":"https:\/\/www.actualidadadiario.com\/index.php\/2019\/11\/28\/avruj-le-respondio-a-la-onu-con-un-ataque\/","title":{"rendered":"Avruj le respondi\u00f3 a la ONU con un ataque"},"content":{"rendered":"<p style=\"text-align: center;\"><em><strong>El secretario de Derechos Humanos respondi\u00f3 la dura carta de la Relator\u00eda Especial para la Independencia de Magistrados y Abogados de Naciones Unidas, que le pidi\u00f3 al Estado argentino explicaciones por posibles hechos de violaciones a la independencia del Poder Judicial, con una descalificaci\u00f3n al relator del organismo internacional, Diego Garc\u00eda Say\u00e1n<\/strong><\/em><\/p>\n<p>&nbsp;<\/p>\n<p>&nbsp;<\/p>\n<p>El gobierno Nacional, a trav\u00e9s del secretario de Derechos Humanos, Claudio Avruj, respondi\u00f3 con un escrito, luego de 22 d\u00edas, la dura carta de la Relator\u00eda Especial para la Independencia de Magistrados y Abogados de Naciones Unidas (ONU) que le pidi\u00f3 al Estado argentino explicaciones por posibles hechos de violaciones a la independencia del Poder Judicial. Lejos de ofrecer una explicaci\u00f3n o defenderse ante la grave denuncia, Avruj, en nombre del Gobierno, intent\u00f3 desestimar el pedido de la ONU al descalificar por parcial al relator del organismo internacional, Diego Garc\u00eda Say\u00e1n.<\/p>\n<p>Este mi\u00e9rcoles,\u00a0 Avruj escribi\u00f3 en su cuenta de Twitter: \u201cPresent\u00e9 en Ginebra la nota formal del Estado Argentino ante las Naciones Unidas, que pone de manifiesto nuestra preocupaci\u00f3n por el accionar del Relator Especial sobre la Independencia de los Magistrados y Abogados\u201d, y luego agreg\u00f3 que \u201cse\u00f1alamos lo inusual de la dureza en el contenido de su pedido de informes a nuestro pa\u00eds, su escasa amplitud en recabar informaci\u00f3n, la extemporalidad de la presentaci\u00f3n y el incumplimiento al principio de confidencialidad\u201d. Por \u00faltimo el secretario de DDHH subray\u00f3 que \u201ceste accionar, que configura un claro cuadro de excesos en las atribuciones asumidas por parte del Relator, formaron parte de la nota que entregu\u00e9 personalmente ante las oficinas del Presidente del Consejo de DDHH y de la Alta Comisionada para los DDHH del prestigioso organismo\u201d.<\/p>\n<p>Emanuel Desojo, presidente de Abogados por la Justicia Social (AJUS) -el organismo que present\u00f3 la denuncia en octubre de 2018- indic\u00f3 que \u201clo primero que llama la atenci\u00f3n es que es un desprop\u00f3sito que no se haya presentado la respuesta v\u00eda mail por Canciller\u00eda -c\u00f3mo debe ser- y que en cambio haya viajado el Secretario de DDHH con una comitiva a presentarlo personalmente a Ginebra\u201d. Por otra parte, el presidente del organismo que realiz\u00f3 la denuncia el a\u00f1o pasado, desminti\u00f3 la afirmaci\u00f3n que hicieron desde el gobierno en el informe en el que denunciaron de &#8220;oportunismo pol\u00edtico&#8221; haciendo referencia a las cr\u00edticas del relator, quien hizo su planteo sobre la situaci\u00f3n de la Justicia en Argentina en junio pasado &#8220;y reci\u00e9n ahora&#8221; los hace p\u00fablicos. \u201cNo hay ning\u00fan tipo de oportunismo pol\u00edtico y lejos de eso, se trata de la ONU, un organismo internacional de gran importancia, y de una figura como la del Dr. Garc\u00eda Say\u00e1n que tiene una trayectoria intachable\u201d. \u201cNo se fijan si hacen el pedido antes o despu\u00e9s de las elecciones &#8211;agreg\u00f3 Desojo&#8211; y de hecho si hubieran querido realmente influir en el resultado electoral, como se\u00f1alan y acusan desde el gobierno, hubiesen dado el traslado antes de las elecciones y no despu\u00e9s\u201d. Finalmente, el presidente de AJUS, denunci\u00f3 que \u201csi hay un oportunista es Avruj que intenta es desentenderse de dar una respuesta clara ante las cosas que le preguntan y en lugar de eso ataca al organismo\u201d.<\/p>\n<p>Por su parte, Jos\u00e9 Schulman, Secretario de la Liga Argentina por los Derechos Humanos -uno de los organismos que adhirieron a la denuncia- expres\u00f3 que la de Avruj fue \u201cuna respuesta casi grotesca porque vuelve a reiterar la conducta represora de descalificar al denunciante y no discutir la denuncia\u201d. \u201cAvruj no dio ning\u00fan argumento y brind\u00f3 una respuesta claramente insuficiente y de poco valor probatorio en la discusi\u00f3n ante las Naciones Unidas, de quien recibi\u00f3 el pedido de explicaciones\u201d.<\/p>\n<p>La denuncia fue realizada en octubre de 2018 por la AJUS y a la cu\u00e1l adhirieron Abuelas de Plaza de Mayo, Madres LF, Hijos, La Liga Argentina por los Derechos Humanos, Familiares de Detenidos y Desaparecidos, La Comisi\u00f3n americana de Juristas, la APDH, entre otras organizaciones de DDHH de gran trayectoria. No hubo firmas de ning\u00fan abogado particular. Eso tambi\u00e9n desmiente lo que dijeron desde el gobierno acerca de que la acusaci\u00f3n parece &#8220;orientada a la estrategia defensiva en los casos particulares de corrupci\u00f3n que tramitan ante el Poder Judicial&#8221;. \u201cEso es una falacia ya que no firm\u00f3 ning\u00fan abogado particular ni ning\u00fan defensor de ning\u00fan imputado, solamente firmaron organizaciones de la sociedad civil\u201d, aclar\u00f3 Desojo. Por \u00faltimo en la respuesta escrita que present\u00f3 el Gobierno expresaron que las afirmaciones del relator son \u201cajenas a cualquier verificaci\u00f3n emp\u00edrica\u201d, sin embargo Desojo puntualiz\u00f3 que \u201cla denuncia tiene 500 p\u00e1ginas y est\u00e1 respaldada por jueces que han validado la presentaci\u00f3n que consta de declaraciones, videos y testimonios textuales de los propios funcionarios p\u00fablicos. Por eso es tan contundente\u201d.<\/p>\n","protected":false},"excerpt":{"rendered":"<p>El secretario de Derechos Humanos respondi\u00f3 la dura carta de la Relator\u00eda Especial para la Independencia de Magistrados y Abogados de Naciones Unidas, que le pidi\u00f3 al Estado argentino explicaciones por posibles hechos de violaciones a la independencia del Poder Judicial, con una descalificaci\u00f3n al relator del organismo internacional, Diego Garc\u00eda Say\u00e1n &nbsp; &nbsp; El gobierno Nacional, a trav\u00e9s del secretario de Derechos Humanos, Claudio Avruj, respondi\u00f3 con un escrito, luego de 22 d\u00edas, la dura carta de la Relator\u00eda Especial para la Independencia de Magistrados y Abogados de Naciones&#8230;<\/p>\n","protected":false},"author":3,"featured_media":48594,"comment_status":"closed","ping_status":"closed","sticky":false,"template":"","format":"standard","meta":[],"categories":[18],"tags":[],"_links":{"self":[{"href":"https:\/\/www.actualidadadiario.com\/index.php\/wp-json\/wp\/v2\/posts\/54835"}],"collection":[{"href":"https:\/\/www.actualidadadiario.com\/index.php\/wp-json\/wp\/v2\/posts"}],"about":[{"href":"https:\/\/www.actualidadadiario.com\/index.php\/wp-json\/wp\/v2\/types\/post"}],"author":[{"embeddable":true,"href":"https:\/\/www.actualidadadiario.com\/index.php\/wp-json\/wp\/v2\/users\/3"}],"replies":[{"embeddable":true,"href":"https:\/\/www.actualidadadiario.com\/index.php\/wp-json\/wp\/v2\/comments?post=54835"}],"version-history":[{"count":1,"href":"https:\/\/www.actualidadadiario.com\/index.php\/wp-json\/wp\/v2\/posts\/54835\/revisions"}],"predecessor-version":[{"id":54836,"href":"https:\/\/www.actualidadadiario.com\/index.php\/wp-json\/wp\/v2\/posts\/54835\/revisions\/54836"}],"wp:featuredmedia":[{"embeddable":true,"href":"https:\/\/www.actualidadadiario.com\/index.php\/wp-json\/wp\/v2\/media\/48594"}],"wp:attachment":[{"href":"https:\/\/www.actualidadadiario.com\/index.php\/wp-json\/wp\/v2\/media?parent=54835"}],"wp:term":[{"taxonomy":"category","embeddable":true,"href":"https:\/\/www.actualidadadiario.com\/index.php\/wp-json\/wp\/v2\/categories?post=54835"},{"taxonomy":"post_tag","embeddable":true,"href":"https:\/\/www.actualidadadiario.com\/index.php\/wp-json\/wp\/v2\/tags?post=54835"}],"curies":[{"name":"wp","href":"https:\/\/api.w.org\/{rel}","templated":true}]}}