{"id":54829,"date":"2019-11-28T11:16:49","date_gmt":"2019-11-28T14:16:49","guid":{"rendered":"https:\/\/www.actualidadadiario.com\/?p=54829"},"modified":"2019-11-28T11:16:49","modified_gmt":"2019-11-28T14:16:49","slug":"como-sera-el-traspaso-de-mando-presidencial-que-terminara-con-una-fiesta-popular","status":"publish","type":"post","link":"https:\/\/www.actualidadadiario.com\/index.php\/2019\/11\/28\/como-sera-el-traspaso-de-mando-presidencial-que-terminara-con-una-fiesta-popular\/","title":{"rendered":"C\u00f3mo ser\u00e1 el traspaso de mando presidencial que terminar\u00e1 con una fiesta popular"},"content":{"rendered":"<p style=\"text-align: center;\"><em><strong>El rol de Cristina Fern\u00e1ndez. La ausencia de mandatarios de la regi\u00f3n en medio de la crisis. Cronograma de un d\u00eda agitado<\/strong><\/em><\/p>\n<p>&nbsp;<\/p>\n<p>&nbsp;<\/p>\n<p>En las oficinas de Puerto Madero ultiman detalles contrarreloj. Los principales hitos del proceso de paso de mando presidencial ya est\u00e1n acordados entre los representantes del gobierno saliente y entrante. Despu\u00e9s de las ceremonias de asunci\u00f3n y jura, la flamante gesti\u00f3n de Alberto Fern\u00e1ndez comenzar\u00e1 el martes 10 con un festival callejero de espect\u00e1culos musicales. Se esperan pocos presidentes extranjeros debido a la crisis regional, pero el pleno de gobernadores estar\u00e1 presente.<\/p>\n<p>Desde las oficinas del presidente electo cuentan que Fern\u00e1ndez pretende una cosa sencilla, austera y popular. Sin embargo, la masividad que implicar\u00e1 el evento requiere urgentes gestiones, como la que est\u00e1n tramitando ante el gobierno de la Ciudad para analizar qu\u00e9 hacer con las rejas que cortan a la mitad a la hist\u00f3rica Plaza de Mayo.<\/p>\n<p>Todav\u00eda no hay una grilla cerrada, pero el line up de las bandas se ir\u00e1 confirmando a lo largo de esta semana. Es posible que Alberto F. y Cristina Fern\u00e1ndez salgan a saludar y hasta brinden un discurso en tono de saludo p\u00fablico.<\/p>\n<p>&nbsp;<\/p>\n<p><strong>Cronograma<\/strong><\/p>\n<p>La jornada de traspaso comenzar\u00e1 temprano en el Congreso de la Naci\u00f3n. All\u00ed, Gabriela Michetti le tomar\u00e1 juramento a Cristina Fern\u00e1ndez a las 9.30. De ah\u00ed en m\u00e1s, Cristina pasar\u00e1 a presidir la Asamblea Legislativa y le tomar\u00e1 juramento al presidente Alberto Fern\u00e1ndez. Luego, Mauricio Macri le entregar\u00e1 los atributos presidenciales, la banda y el bast\u00f3n.<\/p>\n<p>Desde el centro del recinto de Diputados, Alberto hablar\u00e1 a la Asamblea Legislativa y al pa\u00eds.<\/p>\n<p>Luego, Alberto y Cristina se trasladar\u00e1n a Casa Rosada. Desde el equipo del futuro presidente cuentan que Alberto F. viajar\u00e1 en su auto particular desde Congreso hasta Plaza de Mayo.<\/p>\n<p>Una vez llegados, Alberto F. encarar\u00e1 los dos primeros hitos ya como presidente. Alrededor de las tres de la tarde encarar\u00e1 el saludo a presidentes y delegaciones extrajeras. Ya cerca de las cinco les tomar\u00e1 juramento a los flamantes ministros y ministras.<\/p>\n<p>In\u00e1cio Lula Da Silva no vendr\u00e1 a la jura, tal como se hab\u00eda especulado luego de que saliera en libertad en Brasil hace dos semanas. La decisi\u00f3n la tom\u00f3 el propio expresidente para evitar generar roces diplom\u00e1ticos entre ambos pa\u00edses.<\/p>\n<p>En tanto, se espera la presencia del saliente presidente uruguayo Tabar\u00e9 V\u00e1zquez. Si bien se curs\u00f3 invitaci\u00f3n a los presidentes vecinos, la crisis que atraviesa la regi\u00f3n pone en duda la llegada de los mandatarios. En tanto, el mexicano Andr\u00e9s Manuel L\u00f3pez Obrador ya avis\u00f3 que no vendr\u00e1 y enviar\u00e1 a alguien en su representaci\u00f3n. Resta saber qu\u00e9 har\u00e1n el chileno Sebasti\u00e1n Pi\u00f1era y el peruano Mart\u00edn Vizcarra. S\u00ed se descuenta la presencia de los y las gobernadoras, junto con intendentes de ciudades de todo el pa\u00eds.<\/p>\n<p>Alrededor de las siete de la tarde, Alberto y Cristina saldr\u00e1n a hablar al balc\u00f3n. Luego todo ser\u00e1 m\u00fasica en vivo y fiesta popular.<\/p>\n","protected":false},"excerpt":{"rendered":"<p>El rol de Cristina Fern\u00e1ndez. La ausencia de mandatarios de la regi\u00f3n en medio de la crisis. Cronograma de un d\u00eda agitado &nbsp; &nbsp; En las oficinas de Puerto Madero ultiman detalles contrarreloj. Los principales hitos del proceso de paso de mando presidencial ya est\u00e1n acordados entre los representantes del gobierno saliente y entrante. Despu\u00e9s de las ceremonias de asunci\u00f3n y jura, la flamante gesti\u00f3n de Alberto Fern\u00e1ndez comenzar\u00e1 el martes 10 con un festival callejero de espect\u00e1culos musicales. Se esperan pocos presidentes extranjeros debido a la crisis regional, pero&#8230;<\/p>\n","protected":false},"author":3,"featured_media":54830,"comment_status":"closed","ping_status":"closed","sticky":false,"template":"","format":"standard","meta":[],"categories":[9],"tags":[],"_links":{"self":[{"href":"https:\/\/www.actualidadadiario.com\/index.php\/wp-json\/wp\/v2\/posts\/54829"}],"collection":[{"href":"https:\/\/www.actualidadadiario.com\/index.php\/wp-json\/wp\/v2\/posts"}],"about":[{"href":"https:\/\/www.actualidadadiario.com\/index.php\/wp-json\/wp\/v2\/types\/post"}],"author":[{"embeddable":true,"href":"https:\/\/www.actualidadadiario.com\/index.php\/wp-json\/wp\/v2\/users\/3"}],"replies":[{"embeddable":true,"href":"https:\/\/www.actualidadadiario.com\/index.php\/wp-json\/wp\/v2\/comments?post=54829"}],"version-history":[{"count":1,"href":"https:\/\/www.actualidadadiario.com\/index.php\/wp-json\/wp\/v2\/posts\/54829\/revisions"}],"predecessor-version":[{"id":54831,"href":"https:\/\/www.actualidadadiario.com\/index.php\/wp-json\/wp\/v2\/posts\/54829\/revisions\/54831"}],"wp:featuredmedia":[{"embeddable":true,"href":"https:\/\/www.actualidadadiario.com\/index.php\/wp-json\/wp\/v2\/media\/54830"}],"wp:attachment":[{"href":"https:\/\/www.actualidadadiario.com\/index.php\/wp-json\/wp\/v2\/media?parent=54829"}],"wp:term":[{"taxonomy":"category","embeddable":true,"href":"https:\/\/www.actualidadadiario.com\/index.php\/wp-json\/wp\/v2\/categories?post=54829"},{"taxonomy":"post_tag","embeddable":true,"href":"https:\/\/www.actualidadadiario.com\/index.php\/wp-json\/wp\/v2\/tags?post=54829"}],"curies":[{"name":"wp","href":"https:\/\/api.w.org\/{rel}","templated":true}]}}