{"id":54825,"date":"2019-11-28T11:15:09","date_gmt":"2019-11-28T14:15:09","guid":{"rendered":"https:\/\/www.actualidadadiario.com\/?p=54825"},"modified":"2019-11-28T11:15:09","modified_gmt":"2019-11-28T14:15:09","slug":"la-economia-comenzara-2020-con-una-caida-del-1-por-el-arrastre-de-2019","status":"publish","type":"post","link":"https:\/\/www.actualidadadiario.com\/index.php\/2019\/11\/28\/la-economia-comenzara-2020-con-una-caida-del-1-por-el-arrastre-de-2019\/","title":{"rendered":"La econom\u00eda comenzar\u00e1 2020 con una ca\u00edda del 1% por el arrastre de 2019"},"content":{"rendered":"<p style=\"text-align: center;\"><em><strong>Consultores estiman la baja del PBI para este a\u00f1o entre 2,2% y 3%. Entre los motivos de la recesi\u00f3n se destacan los efectos del salto cambiario post-PASO que continuar\u00e1n impactando en la econom\u00eda real<\/strong><\/em><\/p>\n<p>&nbsp;<\/p>\n<p>&nbsp;<\/p>\n<p>La ca\u00edda de la actividad econ\u00f3mica, que arroj\u00f3 un retroceso del 2,1% en septiembre golpeada por los datos negativos en la construcci\u00f3n y la industria, no encuentra piso en 2019. Seg\u00fan la consultora Ecolatina, en el \u00faltimo trimestre del a\u00f1o se contraer\u00e1 casi 4% interanual por lo que estim\u00f3 un retroceso del PBI en promedio de 2,7% en 2019, dejando un arrastre negativo cercano a 0,8% para el primer a\u00f1o del gobierno de Alberto Fern\u00e1ndez.<\/p>\n<p>Para Juan Ignacio Paolicchi, analista de Eco Go, la ca\u00edda del Producto en el \u00faltimo a\u00f1o de gesti\u00f3n del presidente Mauricio Macri finalizar\u00e1 en 2,2%, dejando un arrastre para 2020 en torno al 1%. Asimismo, Miguel Zielonka, director asociado en Econviews estim\u00f3 un desplome de la actividad econ\u00f3mica para este a\u00f1o de 3% y un retroceso del 2% para el primero a\u00f1o del pr\u00f3ximo gobierno.<\/p>\n<p>No hay que perder de vista que seg\u00fan el Instituto Nacional de Estad\u00edstica y Censos (INDEC), en los primeros nueve meses de 2019 la actividad econ\u00f3mica retrocedi\u00f3 un 2,3% frente al mismo lapso del a\u00f1o pasado.<\/p>\n<p>Mientras que los expertos del IARAF resaltaron que la devaluaci\u00f3n post PASO y la incertidumbre en el mes previo a las elecciones convalidaron al dato de septiembre como el nuevo piso de la recesi\u00f3n. Al tiempo que agregaron que el nivel de producto actual fue superado por primera vez en noviembre 2010. \u201cTras nueve a\u00f1os de recesiones recurrentes, la Argentina posee pr\u00e1cticamente el mismo nivel de actividad econ\u00f3mica\u201d, detallaron.<\/p>\n<p>&nbsp;<\/p>\n<p><strong>Razones detr\u00e1s del retroceso<\/strong><\/p>\n<p>Entre los motivos de la ca\u00edda de la econom\u00eda Ecolatina destac\u00f3, por un lado, los efectos del nuevo salto cambiario que continuar\u00e1n impactando en la econom\u00eda real. Y por otro, la aceleraci\u00f3n de la inflaci\u00f3n que volvi\u00f3 a deteriorar el alica\u00eddo poder adquisitivo de los ingresos.<\/p>\n<p>\u201cAdicionalmente, el temor a un nuevo salto cambiario tras las elecciones a fines de octubre llev\u00f3 a una fuerte dolarizaci\u00f3n durante el mes, restringiendo el ingreso disponible para consumo y ralentizando la recuperaci\u00f3n tras el shock cambiario\u201d, dijo en su \u00faltimo reporte. A\u00f1adi\u00f3 que el debilitamiento de la demanda interna tambi\u00e9n estar\u00e1 influida por la incertidumbre acerca de las pol\u00edticas a tomar por el pr\u00f3ximo gobierno, \u201cque limita la inversi\u00f3n productiva y repercute con mayor dureza en la construcci\u00f3n, la actividad inmobiliaria y el sector financiero, en un mercado de cr\u00e9dito muy limitado\u201d.<\/p>\n<p>Asimismo, detall\u00f3 que durante la primera mitad del tercer trimestre, es decir, hasta mediados de agosto, los principales indicadores econ\u00f3micos continuaban la tendencia iniciada unos meses atr\u00e1s. Destac\u00f3 que en un marco de calma cambiaria, la desaceleraci\u00f3n de la inflaci\u00f3n y parcial recuperaci\u00f3n del poder adquisitivo, la actividad -cosecha r\u00e9cord mediante- comenzaba a mostrar una mejora en t\u00e9rminos interanuales.<\/p>\n<p>Sin embargo, Ecolatina consider\u00f3 que \u201cel resultado electoral de las PASO dispar\u00f3 una corrida cambiaria que desencaden\u00f3 una creciente incertidumbre financiera\u201d. A lo que sum\u00f3 que \u201cla inestabilidad nominal resultante debilit\u00f3 las referencias en el sistema de precios e imposibilit\u00f3 la realizaci\u00f3n de transacciones que se hubieran llevado a cabo en condiciones normales, comprometiendo la cadena de pagos y el capital de trabajo\u201d.<\/p>\n<p>Cabe destacar que pese a las medidas tomadas por el gobierno (bonos y exenci\u00f3n impositiva en ingresos y en algunos productos de la canasta alimentaria) el impacto inflacionario del salto cambiario, en un contexto de elevada incertidumbre por el devenir de la econom\u00eda en los pr\u00f3ximos meses, redujo el consumo de las familias y enterr\u00f3 cualquier atisbo de recuperaci\u00f3n para el resto del a\u00f1o, observaron desde la consultora.<\/p>\n","protected":false},"excerpt":{"rendered":"<p>Consultores estiman la baja del PBI para este a\u00f1o entre 2,2% y 3%. Entre los motivos de la recesi\u00f3n se destacan los efectos del salto cambiario post-PASO que continuar\u00e1n impactando en la econom\u00eda real &nbsp; &nbsp; La ca\u00edda de la actividad econ\u00f3mica, que arroj\u00f3 un retroceso del 2,1% en septiembre golpeada por los datos negativos en la construcci\u00f3n y la industria, no encuentra piso en 2019. Seg\u00fan la consultora Ecolatina, en el \u00faltimo trimestre del a\u00f1o se contraer\u00e1 casi 4% interanual por lo que estim\u00f3 un retroceso del PBI en&#8230;<\/p>\n","protected":false},"author":3,"featured_media":54740,"comment_status":"closed","ping_status":"closed","sticky":false,"template":"","format":"standard","meta":[],"categories":[9],"tags":[],"_links":{"self":[{"href":"https:\/\/www.actualidadadiario.com\/index.php\/wp-json\/wp\/v2\/posts\/54825"}],"collection":[{"href":"https:\/\/www.actualidadadiario.com\/index.php\/wp-json\/wp\/v2\/posts"}],"about":[{"href":"https:\/\/www.actualidadadiario.com\/index.php\/wp-json\/wp\/v2\/types\/post"}],"author":[{"embeddable":true,"href":"https:\/\/www.actualidadadiario.com\/index.php\/wp-json\/wp\/v2\/users\/3"}],"replies":[{"embeddable":true,"href":"https:\/\/www.actualidadadiario.com\/index.php\/wp-json\/wp\/v2\/comments?post=54825"}],"version-history":[{"count":1,"href":"https:\/\/www.actualidadadiario.com\/index.php\/wp-json\/wp\/v2\/posts\/54825\/revisions"}],"predecessor-version":[{"id":54826,"href":"https:\/\/www.actualidadadiario.com\/index.php\/wp-json\/wp\/v2\/posts\/54825\/revisions\/54826"}],"wp:featuredmedia":[{"embeddable":true,"href":"https:\/\/www.actualidadadiario.com\/index.php\/wp-json\/wp\/v2\/media\/54740"}],"wp:attachment":[{"href":"https:\/\/www.actualidadadiario.com\/index.php\/wp-json\/wp\/v2\/media?parent=54825"}],"wp:term":[{"taxonomy":"category","embeddable":true,"href":"https:\/\/www.actualidadadiario.com\/index.php\/wp-json\/wp\/v2\/categories?post=54825"},{"taxonomy":"post_tag","embeddable":true,"href":"https:\/\/www.actualidadadiario.com\/index.php\/wp-json\/wp\/v2\/tags?post=54825"}],"curies":[{"name":"wp","href":"https:\/\/api.w.org\/{rel}","templated":true}]}}