{"id":54819,"date":"2019-11-28T11:13:40","date_gmt":"2019-11-28T14:13:40","guid":{"rendered":"https:\/\/www.actualidadadiario.com\/?p=54819"},"modified":"2019-11-28T11:13:40","modified_gmt":"2019-11-28T14:13:40","slug":"la-creacion-de-empleo-privado-cayo-a-su-nivel-mas-bajo-desde-2002","status":"publish","type":"post","link":"https:\/\/www.actualidadadiario.com\/index.php\/2019\/11\/28\/la-creacion-de-empleo-privado-cayo-a-su-nivel-mas-bajo-desde-2002\/","title":{"rendered":"La creaci\u00f3n de empleo privado cay\u00f3 a su nivel m\u00e1s bajo desde 2002"},"content":{"rendered":"<p style=\"text-align: center;\"><em><strong>Los datos del Ministerio de Trabajo muestran las tasas de entrada al mercado laboral formal privado m\u00e1s bajas desde la crisis. Desde 2011 no dejan de caer<\/strong><\/em><\/p>\n<p>&nbsp;<\/p>\n<p>&nbsp;<\/p>\n<p>La incorporaci\u00f3n de trabajadores en el sector privado en el a\u00f1o 2019 se encamina a ser la m\u00e1s baja desde la crisis de 2001. Con solo 1,77 trabajadores dados de alta en las empresas privadas cada 100 trabajadores ocupados en el mes anterior, el promedio de este a\u00f1o logra superar los peores meses de 2018, pero no termina de superar el 1,82% del a\u00f1o de la corrida cambiaria.<\/p>\n<p>Desde agosto de 2001 que el Ministerio de Trabajo comenz\u00f3 a medir la serie de tasa de entrada y salida del mercado laboral, la serie que muestra la incorporaci\u00f3n al mercado formal jam\u00e1s coquete\u00f3 con valores tan bajos como los de los \u00faltimos dos a\u00f1os.\u00a0 Estas tasas se calculan como la cantidad de altas en las empresas relevadas en la Encuesta de Indicadores Laborales como porcentaje de la cantidad personas ocupadas en el mes anterior. Esta encuesta cubre aproximadamente la mitad del mercado formal.<\/p>\n<p>Cabe resaltar que en los primeros nueve meses de 2019 la tasa de salida, es decir la cantidad de desvinculaciones como porcentaje de la cantidad de personas ocupadas por el sector privado el mes previo, en promedio se estanc\u00f3 en el 2%. Es decir que si bien siguen saliendo m\u00e1s personas de la econom\u00eda formal que las que ingresan, en el promedio este a\u00f1o (1,95%) es ligeramente preferible al 2,02% de un a\u00f1o atr\u00e1s.<\/p>\n<p>Las cifras de desempleo, que este martes el ministro Lacunza estim\u00f3 en el 10,4% hacia fin de a\u00f1o, son producto del acumulado de los \u00faltimos ocho a\u00f1os de desaceleraci\u00f3n de la cantidad de personas que incorpora el sector privado y de la aceleraci\u00f3n en especial desde 2017 de los que dejan de tener un empleo formal.<\/p>\n<p>La tasa de entrada m\u00e1s alta se registr\u00f3 en los a\u00f1os 2005, 2006 y 2007 (3,4%). Y tambi\u00e9n fueron los a\u00f1os en los que se registraron las mayores tasas de salida (2,94%, 2,94% y 2,88%) porque cuanto m\u00e1s aumentan las contrataciones m\u00e1s personas buscan cambiarse a un mejor empleo. En todos esos a\u00f1os, el resultado fue que mes a mes las altas superaban a las desvinculanciones.<\/p>\n<p>Por el contrario, desde 2011 empez\u00f3 a observarse &#8220;el zigzag de la macroeconom\u00eda&#8221; por el cual en los a\u00f1os impares\/electorales se creaba m\u00e1s empleo y en los a\u00f1os pares el saldo era negativo. En este sentido, 2019 se destaca como el primer a\u00f1o impar con destrucci\u00f3n de empleo formal desde 2009.<\/p>\n","protected":false},"excerpt":{"rendered":"<p>Los datos del Ministerio de Trabajo muestran las tasas de entrada al mercado laboral formal privado m\u00e1s bajas desde la crisis. Desde 2011 no dejan de caer &nbsp; &nbsp; La incorporaci\u00f3n de trabajadores en el sector privado en el a\u00f1o 2019 se encamina a ser la m\u00e1s baja desde la crisis de 2001. Con solo 1,77 trabajadores dados de alta en las empresas privadas cada 100 trabajadores ocupados en el mes anterior, el promedio de este a\u00f1o logra superar los peores meses de 2018, pero no termina de superar el&#8230;<\/p>\n","protected":false},"author":3,"featured_media":54820,"comment_status":"closed","ping_status":"closed","sticky":false,"template":"","format":"standard","meta":[],"categories":[2],"tags":[],"_links":{"self":[{"href":"https:\/\/www.actualidadadiario.com\/index.php\/wp-json\/wp\/v2\/posts\/54819"}],"collection":[{"href":"https:\/\/www.actualidadadiario.com\/index.php\/wp-json\/wp\/v2\/posts"}],"about":[{"href":"https:\/\/www.actualidadadiario.com\/index.php\/wp-json\/wp\/v2\/types\/post"}],"author":[{"embeddable":true,"href":"https:\/\/www.actualidadadiario.com\/index.php\/wp-json\/wp\/v2\/users\/3"}],"replies":[{"embeddable":true,"href":"https:\/\/www.actualidadadiario.com\/index.php\/wp-json\/wp\/v2\/comments?post=54819"}],"version-history":[{"count":1,"href":"https:\/\/www.actualidadadiario.com\/index.php\/wp-json\/wp\/v2\/posts\/54819\/revisions"}],"predecessor-version":[{"id":54821,"href":"https:\/\/www.actualidadadiario.com\/index.php\/wp-json\/wp\/v2\/posts\/54819\/revisions\/54821"}],"wp:featuredmedia":[{"embeddable":true,"href":"https:\/\/www.actualidadadiario.com\/index.php\/wp-json\/wp\/v2\/media\/54820"}],"wp:attachment":[{"href":"https:\/\/www.actualidadadiario.com\/index.php\/wp-json\/wp\/v2\/media?parent=54819"}],"wp:term":[{"taxonomy":"category","embeddable":true,"href":"https:\/\/www.actualidadadiario.com\/index.php\/wp-json\/wp\/v2\/categories?post=54819"},{"taxonomy":"post_tag","embeddable":true,"href":"https:\/\/www.actualidadadiario.com\/index.php\/wp-json\/wp\/v2\/tags?post=54819"}],"curies":[{"name":"wp","href":"https:\/\/api.w.org\/{rel}","templated":true}]}}