{"id":54811,"date":"2019-11-28T11:11:08","date_gmt":"2019-11-28T14:11:08","guid":{"rendered":"https:\/\/www.actualidadadiario.com\/?p=54811"},"modified":"2019-11-28T11:11:08","modified_gmt":"2019-11-28T14:11:08","slug":"volvieron-a-caer-las-ventas-en-supermercados-y-shoppings","status":"publish","type":"post","link":"https:\/\/www.actualidadadiario.com\/index.php\/2019\/11\/28\/volvieron-a-caer-las-ventas-en-supermercados-y-shoppings\/","title":{"rendered":"Volvieron a caer las ventas en supermercados y shoppings"},"content":{"rendered":"<p style=\"text-align: center;\"><em><strong>El consumo sigue en picada. En supermercados la baja fue brutal en septiembre: 8,8 por ciento respecto de igual mes de 2018<\/strong><\/em><\/p>\n<p>&nbsp;<\/p>\n<p>&nbsp;<\/p>\n<p>La despedida del gobierno de Cambiemos sigue a toda marcha. Los n\u00fameros de septiembre en relaci\u00f3n a las ventas registradas en supermercados y shoppings subraya la destrucci\u00f3n de la capacidad de compra de los argentinos. Seg\u00fan datos del INDEC el consumo en supermercados cay\u00f3 el 8,8% en septiembre respecto de igual per\u00edodo del a\u00f1o pasado; en los centros comerciales la ca\u00edda fue del 3%.<\/p>\n<p>En los shoppings los n\u00fameros rojos lleva ya 15 meses ininterrumpidos, m\u00e1s all\u00e1 de que en el \u00faltimo bimestre hubo una desaceleraci\u00f3n en el derrumbe. En tanto, en los autoservicios mayoristas la baja fue del 3,2 por ciento, con igual cantidad de meses de retracciones.<\/p>\n<p>En tanto, a precios corrientes, la facturaci\u00f3n de los supermercados lleg\u00f3 a los 57.966,8 millones de pesos con un aumento del 45,2%, por debajo de la inflaci\u00f3n de los \u00faltimos 12 meses.<\/p>\n","protected":false},"excerpt":{"rendered":"<p>El consumo sigue en picada. En supermercados la baja fue brutal en septiembre: 8,8 por ciento respecto de igual mes de 2018 &nbsp; &nbsp; La despedida del gobierno de Cambiemos sigue a toda marcha. Los n\u00fameros de septiembre en relaci\u00f3n a las ventas registradas en supermercados y shoppings subraya la destrucci\u00f3n de la capacidad de compra de los argentinos. Seg\u00fan datos del INDEC el consumo en supermercados cay\u00f3 el 8,8% en septiembre respecto de igual per\u00edodo del a\u00f1o pasado; en los centros comerciales la ca\u00edda fue del 3%. En los&#8230;<\/p>\n","protected":false},"author":3,"featured_media":28906,"comment_status":"closed","ping_status":"closed","sticky":false,"template":"","format":"standard","meta":[],"categories":[2],"tags":[],"_links":{"self":[{"href":"https:\/\/www.actualidadadiario.com\/index.php\/wp-json\/wp\/v2\/posts\/54811"}],"collection":[{"href":"https:\/\/www.actualidadadiario.com\/index.php\/wp-json\/wp\/v2\/posts"}],"about":[{"href":"https:\/\/www.actualidadadiario.com\/index.php\/wp-json\/wp\/v2\/types\/post"}],"author":[{"embeddable":true,"href":"https:\/\/www.actualidadadiario.com\/index.php\/wp-json\/wp\/v2\/users\/3"}],"replies":[{"embeddable":true,"href":"https:\/\/www.actualidadadiario.com\/index.php\/wp-json\/wp\/v2\/comments?post=54811"}],"version-history":[{"count":1,"href":"https:\/\/www.actualidadadiario.com\/index.php\/wp-json\/wp\/v2\/posts\/54811\/revisions"}],"predecessor-version":[{"id":54812,"href":"https:\/\/www.actualidadadiario.com\/index.php\/wp-json\/wp\/v2\/posts\/54811\/revisions\/54812"}],"wp:featuredmedia":[{"embeddable":true,"href":"https:\/\/www.actualidadadiario.com\/index.php\/wp-json\/wp\/v2\/media\/28906"}],"wp:attachment":[{"href":"https:\/\/www.actualidadadiario.com\/index.php\/wp-json\/wp\/v2\/media?parent=54811"}],"wp:term":[{"taxonomy":"category","embeddable":true,"href":"https:\/\/www.actualidadadiario.com\/index.php\/wp-json\/wp\/v2\/categories?post=54811"},{"taxonomy":"post_tag","embeddable":true,"href":"https:\/\/www.actualidadadiario.com\/index.php\/wp-json\/wp\/v2\/tags?post=54811"}],"curies":[{"name":"wp","href":"https:\/\/api.w.org\/{rel}","templated":true}]}}