{"id":54806,"date":"2019-11-28T11:09:28","date_gmt":"2019-11-28T14:09:28","guid":{"rendered":"https:\/\/www.actualidadadiario.com\/?p=54806"},"modified":"2019-11-28T11:09:28","modified_gmt":"2019-11-28T14:09:28","slug":"el-tribunal-de-cuentas-recordo-las-normativas-para-una-ordenada-transmision-de-mandatos","status":"publish","type":"post","link":"https:\/\/www.actualidadadiario.com\/index.php\/2019\/11\/28\/el-tribunal-de-cuentas-recordo-las-normativas-para-una-ordenada-transmision-de-mandatos\/","title":{"rendered":"El Tribunal de Cuentas record\u00f3 las normativas para una ordenada transmisi\u00f3n de mandatos"},"content":{"rendered":"<p style=\"text-align: center;\"><em><strong>Ante el inminente recambio institucional en Municipios, Juntas de Gobierno, Organismos de la Administraci\u00f3n Central, Hospitales, Entes Descentralizados, Aut\u00e1rquicos y\/o Empresas del Estado, y dem\u00e1s entes de la administraci\u00f3n p\u00fablica; el Tribunal de Cuentas de la Provincia recuerda la importancia y vigencia del denominado &#8220;Instructivo de pr\u00e1cticas administrativas, contables y renditivas por finalizaci\u00f3n de mandato&#8221;, el cual tiene por finalidad formular recomendaciones para un ordenado cambio de autoridades<\/strong><\/em><\/p>\n<p>&nbsp;<\/p>\n<p>El Tribunal de Cuentas recuerda la importancia y vigencia de las Resoluciones N\u00ba 1285\/15, N\u00ba 1286\/15, N\u00ba 1287\/15, N\u00ba 1288\/15, N\u00ba1289\/15 y N\u00ba 1290\/15; las cuales constituyen un \u201cInstructivo de pr\u00e1cticas administrativas por finalizaci\u00f3n de mandato\u201d, a implementar en Direcciones de Administraci\u00f3n, Servicios Administrativos Contables u otros organismos dependientes del Superior Gobierno de la Provincia, Entes Descentralizados, Aut\u00e1rquicos y\/o Empresas del Estado, Hospitales, Centros de Atenci\u00f3n Primaria de la Salud, Municipios y Juntas de Gobierno.<\/p>\n<p>Lo sugerido, adem\u00e1s de estar en l\u00ednea con las medidas de mejoras que se implementan, desde el \u00e9ste \u00f3rgano de control externo de la administraci\u00f3n p\u00fablica, para fortalecer el control p\u00fablico; apunta a formular recomendaciones para una ordenada transmisi\u00f3n de mandatos, permitiendo un adecuado control de la gesti\u00f3n que finaliza deslindando responsabilidades en el manejo de los fondos p\u00fablicos que han sido percibidos e invertidos por quienes cesan, y los remanentes que reciben las autoridades entrantes.<\/p>\n<p>En este sentido, el Tribunal de Cuentas de la Provincia reitera la importancia y vigencia de dicho &#8220;Instructivo&#8221;, el cual contiene las pautas m\u00ednimas para producir un adecuado \u201ccorte\u201d de la Administraci\u00f3n, ante los pr\u00f3ximos cambios de autoridades.<\/p>\n","protected":false},"excerpt":{"rendered":"<p>Ante el inminente recambio institucional en Municipios, Juntas de Gobierno, Organismos de la Administraci\u00f3n Central, Hospitales, Entes Descentralizados, Aut\u00e1rquicos y\/o Empresas del Estado, y dem\u00e1s entes de la administraci\u00f3n p\u00fablica; el Tribunal de Cuentas de la Provincia recuerda la importancia y vigencia del denominado &#8220;Instructivo de pr\u00e1cticas administrativas, contables y renditivas por finalizaci\u00f3n de mandato&#8221;, el cual tiene por finalidad formular recomendaciones para un ordenado cambio de autoridades &nbsp; El Tribunal de Cuentas recuerda la importancia y vigencia de las Resoluciones N\u00ba 1285\/15, N\u00ba 1286\/15, N\u00ba 1287\/15, N\u00ba 1288\/15, N\u00ba1289\/15&#8230;<\/p>\n","protected":false},"author":3,"featured_media":46669,"comment_status":"closed","ping_status":"closed","sticky":false,"template":"","format":"standard","meta":[],"categories":[15],"tags":[],"_links":{"self":[{"href":"https:\/\/www.actualidadadiario.com\/index.php\/wp-json\/wp\/v2\/posts\/54806"}],"collection":[{"href":"https:\/\/www.actualidadadiario.com\/index.php\/wp-json\/wp\/v2\/posts"}],"about":[{"href":"https:\/\/www.actualidadadiario.com\/index.php\/wp-json\/wp\/v2\/types\/post"}],"author":[{"embeddable":true,"href":"https:\/\/www.actualidadadiario.com\/index.php\/wp-json\/wp\/v2\/users\/3"}],"replies":[{"embeddable":true,"href":"https:\/\/www.actualidadadiario.com\/index.php\/wp-json\/wp\/v2\/comments?post=54806"}],"version-history":[{"count":1,"href":"https:\/\/www.actualidadadiario.com\/index.php\/wp-json\/wp\/v2\/posts\/54806\/revisions"}],"predecessor-version":[{"id":54807,"href":"https:\/\/www.actualidadadiario.com\/index.php\/wp-json\/wp\/v2\/posts\/54806\/revisions\/54807"}],"wp:featuredmedia":[{"embeddable":true,"href":"https:\/\/www.actualidadadiario.com\/index.php\/wp-json\/wp\/v2\/media\/46669"}],"wp:attachment":[{"href":"https:\/\/www.actualidadadiario.com\/index.php\/wp-json\/wp\/v2\/media?parent=54806"}],"wp:term":[{"taxonomy":"category","embeddable":true,"href":"https:\/\/www.actualidadadiario.com\/index.php\/wp-json\/wp\/v2\/categories?post=54806"},{"taxonomy":"post_tag","embeddable":true,"href":"https:\/\/www.actualidadadiario.com\/index.php\/wp-json\/wp\/v2\/tags?post=54806"}],"curies":[{"name":"wp","href":"https:\/\/api.w.org\/{rel}","templated":true}]}}