{"id":54803,"date":"2019-11-28T11:08:35","date_gmt":"2019-11-28T14:08:35","guid":{"rendered":"https:\/\/www.actualidadadiario.com\/?p=54803"},"modified":"2019-11-28T11:08:35","modified_gmt":"2019-11-28T14:08:35","slug":"juraron-los-nuevos-senadores-nacionales-por-entre-rios","status":"publish","type":"post","link":"https:\/\/www.actualidadadiario.com\/index.php\/2019\/11\/28\/juraron-los-nuevos-senadores-nacionales-por-entre-rios\/","title":{"rendered":"Juraron los nuevos senadores nacionales por Entre R\u00edos"},"content":{"rendered":"<p style=\"text-align: center;\"><em><strong>En una sesi\u00f3n caracterizada por los inconvenientes por un corte parcial de luz, el Senado de la Naci\u00f3n realiz\u00f3 este mi\u00e9rcoles la sesi\u00f3n preparatoria en la que prestaron juramento los 24 senadores que resultaron electos el 27 de octubre en representaci\u00f3n de ocho provincias. Por Entre R\u00edos juraron Alfredo De \u00c1ngeli (que renueva su mandato por seis a\u00f1os m\u00e1s) y Stella Olalla (Juntos por el Cambio) y el peronista Edgardo Kueider<\/strong><\/em><\/p>\n<p>&nbsp;<\/p>\n<p>&nbsp;<\/p>\n<p>El Senado de la Naci\u00f3n realiz\u00f3 este mi\u00e9rcoles la sesi\u00f3n preparatoria en la que prestaron juramento los 24 senadores que resultaron electos el pasado 27 de octubre -en representaci\u00f3n de ocho provincias-.<\/p>\n<p>El problema el\u00e9ctrico -externo, seg\u00fan aclar\u00f3 la titular del Cuerpo, Gabriela Michetti- oblig\u00f3 a apurar los tiempos, ya que \u201cpor razones de seguridad\u201d deb\u00edan cortar el servicio en el t\u00e9rmino de una hora, a partir del inicio de la jura, por lo que la vicepresidenta pidi\u00f3 -disculpas mediante- celeridad en el tr\u00e1mite de la jura.<\/p>\n<p>Al comienzo de la sesi\u00f3n tom\u00f3 la palabra el senador formose\u00f1o Jos\u00e9 Mayans, que agradeci\u00f3 la participaci\u00f3n de gobernadores y del ministro del Interior, Rogelio Frigerio, presentes en el recinto.<\/p>\n<p>En la ceremonia, que cont\u00f3 con el condimento adicional del pedido de licencia de Jos\u00e9 Alperovich, denunciado por abuso sexual, tambi\u00e9n se aceptaron las renuncias de Cristina Fern\u00e1ndez de Kirchner -ausente en la sesi\u00f3n- y Omar Perotti, quienes asumir\u00e1n en nuevos cargos a partir del 10 de diciembre: vicepresidenta de la Naci\u00f3n y gobernador de Santa Fe, respectivamente.<\/p>\n<p>De \u00c1ngeli, Olalla y Kueider ser\u00e1n los representantes de Entre R\u00edos en la C\u00e1mara Alta nacional: De \u00c1ngeli renovar\u00e1 mandato y los otros dos dirigentes har\u00e1n su debut como legisladores nacionales, reemplazando a Pedro Guastavino y Sigrid Kunath.<\/p>\n<p>Cabe destacar que el resultado electoral del domingo 27 de octubre concedi\u00f3 dos bancas a Juntos por el Cambio (Alfredo De \u00c1ngeli y Stella Olalla) y una al Frente de Todos (Edgardo Kueider), por lo que el peronismo perdi\u00f3 un representante en el Senado de la Naci\u00f3n.<\/p>\n","protected":false},"excerpt":{"rendered":"<p>En una sesi\u00f3n caracterizada por los inconvenientes por un corte parcial de luz, el Senado de la Naci\u00f3n realiz\u00f3 este mi\u00e9rcoles la sesi\u00f3n preparatoria en la que prestaron juramento los 24 senadores que resultaron electos el 27 de octubre en representaci\u00f3n de ocho provincias. Por Entre R\u00edos juraron Alfredo De \u00c1ngeli (que renueva su mandato por seis a\u00f1os m\u00e1s) y Stella Olalla (Juntos por el Cambio) y el peronista Edgardo Kueider &nbsp; &nbsp; El Senado de la Naci\u00f3n realiz\u00f3 este mi\u00e9rcoles la sesi\u00f3n preparatoria en la que prestaron juramento los&#8230;<\/p>\n","protected":false},"author":3,"featured_media":54804,"comment_status":"closed","ping_status":"closed","sticky":false,"template":"","format":"standard","meta":[],"categories":[15],"tags":[],"_links":{"self":[{"href":"https:\/\/www.actualidadadiario.com\/index.php\/wp-json\/wp\/v2\/posts\/54803"}],"collection":[{"href":"https:\/\/www.actualidadadiario.com\/index.php\/wp-json\/wp\/v2\/posts"}],"about":[{"href":"https:\/\/www.actualidadadiario.com\/index.php\/wp-json\/wp\/v2\/types\/post"}],"author":[{"embeddable":true,"href":"https:\/\/www.actualidadadiario.com\/index.php\/wp-json\/wp\/v2\/users\/3"}],"replies":[{"embeddable":true,"href":"https:\/\/www.actualidadadiario.com\/index.php\/wp-json\/wp\/v2\/comments?post=54803"}],"version-history":[{"count":1,"href":"https:\/\/www.actualidadadiario.com\/index.php\/wp-json\/wp\/v2\/posts\/54803\/revisions"}],"predecessor-version":[{"id":54805,"href":"https:\/\/www.actualidadadiario.com\/index.php\/wp-json\/wp\/v2\/posts\/54803\/revisions\/54805"}],"wp:featuredmedia":[{"embeddable":true,"href":"https:\/\/www.actualidadadiario.com\/index.php\/wp-json\/wp\/v2\/media\/54804"}],"wp:attachment":[{"href":"https:\/\/www.actualidadadiario.com\/index.php\/wp-json\/wp\/v2\/media?parent=54803"}],"wp:term":[{"taxonomy":"category","embeddable":true,"href":"https:\/\/www.actualidadadiario.com\/index.php\/wp-json\/wp\/v2\/categories?post=54803"},{"taxonomy":"post_tag","embeddable":true,"href":"https:\/\/www.actualidadadiario.com\/index.php\/wp-json\/wp\/v2\/tags?post=54803"}],"curies":[{"name":"wp","href":"https:\/\/api.w.org\/{rel}","templated":true}]}}