{"id":54800,"date":"2019-11-28T11:07:42","date_gmt":"2019-11-28T14:07:42","guid":{"rendered":"https:\/\/www.actualidadadiario.com\/?p=54800"},"modified":"2019-11-28T11:07:42","modified_gmt":"2019-11-28T14:07:42","slug":"el-senado-suma-aportes-al-proyecto-que-regula-la-carrera-de-enfermeria","status":"publish","type":"post","link":"https:\/\/www.actualidadadiario.com\/index.php\/2019\/11\/28\/el-senado-suma-aportes-al-proyecto-que-regula-la-carrera-de-enfermeria\/","title":{"rendered":"El Senado suma aportes al proyecto que regula la carrera de enfermer\u00eda"},"content":{"rendered":"<p style=\"text-align: center;\"><em><strong>La Comisi\u00f3n de Salud de la C\u00e1mara de Senadores se reuni\u00f3 este martes para analizar el proyecto de ley de Enfermer\u00eda, que ya cuenta con media sanci\u00f3n de Diputado. Se incorporar\u00e1n al an\u00e1lisis aportes del Ministerio de Salud, de gremios y asociaciones que representan al personal del sector<\/strong><\/em><\/p>\n<p>&nbsp;<\/p>\n<p>&nbsp;<\/p>\n<p>Este mi\u00e9rcoles a la ma\u00f1ana se reuni\u00f3 la Comisi\u00f3n de Salud de la C\u00e1mara de la C\u00e1mara de Senadores con el fin de trabajar sobre el proyecto de ley que propone para Entre R\u00edos un Marco Regulatorio de la Carrera para el personal que realice actividades espec\u00edficas de Enfermer\u00eda en los efectores que dependen del Ministerio de Salud.<\/p>\n<p>La titular de la comisi\u00f3n, la senadora del departamento Federal, Nancy Miranda, inform\u00f3 que se recibieron propuestas para mejorar la iniciativa.<\/p>\n<p>En este sentido, indic\u00f3 que \u201cse incorpor\u00f3 al expediente una nota que, desde el Ministerio de Salud, suscribi\u00f3 la ministra Sonia Vel\u00e1zquez\u201d. A esto se suman los aportes que realizaron las asociaciones de enfermeros que han trabajado el tema y las agrupaciones gremiales.<\/p>\n<p>La legisladora destac\u00f3 el rol de los enfermeros en el fortalecimiento del sistema de salud provincial y sostuvo que \u201cen tiempos de crisis como el que vivimos, el recurso humano sobresale\u201d.<\/p>\n<p>Anticip\u00f3 que se analizar\u00e1n las posturas que se recibieron por escrito para buscar incorporarlas al proyecto y que de inmediato el resultado ser\u00e1 compartido con todos los interesados que participaron de la reuni\u00f3n de este mi\u00e9rcoles.<\/p>\n<p>Cabe mencionar que el proyecto, que ya cuenta con media sanci\u00f3n de la C\u00e1mara de Diputados, apunta a generar un marco para el v\u00ednculo laboral entre el Estado Provincial y los trabajadores de enfermer\u00eda, regulando su ingreso, permanencia, promoci\u00f3n y egreso.<\/p>\n<p>Se trata de una regulaci\u00f3n integral de la carrera de enfermer\u00eda dentro de las relaciones del empleo p\u00fablico provincial.<\/p>\n<p>Estuvieron presentes adem\u00e1s los senadores de Paran\u00e1, Nogoy\u00e1, Federaci\u00f3n y Feliciano, Raymundo Kisser, Beltr\u00e1n Lora, Miguel Piana y Miriam Espinosa, respectivamente. Particip\u00f3 adem\u00e1s la senadora electa del departamento Nogoy\u00e1 para el per\u00edodo 2019\/2023, Flavia Maidana.<\/p>\n<p>&nbsp;<\/p>\n<p><strong>La importancia de la profesi\u00f3n<\/strong><\/p>\n<p>Quienes estuvieron presentes en la reuni\u00f3n de comisi\u00f3n coincidieron en la necesidad de contar con una norma como la propuesta.<\/p>\n<p>En uno de los art\u00edculos se deja claramente establecido que \u201cen la aplicaci\u00f3n de la presente ley, su reglamentaci\u00f3n y dem\u00e1s disposiciones que en consecuencia se dicten, deber\u00e1 tenerse como objetivo primordial la eficiente prestaci\u00f3n del servicio enfermer\u00eda, el inter\u00e9s de los trabajadores, la reivindicaci\u00f3n de los principios que rigen la profesi\u00f3n y su alto valor dentro del sistema de salud de la provincia de Entre R\u00edos\u201d.<\/p>\n<p>Dialogaron con los legisladores representantes de la Uni\u00f3n del Personal Civil de la Naci\u00f3n (UPCN), de la Asociaci\u00f3n de Trabajadores del Estado (ATE), de la Asociaci\u00f3n de Enfermer\u00eda de Entre R\u00edos (AEER), profesionales de enfermer\u00eda de los hospitales Materno Infantil San Roque de Paran\u00e1, Hospital Centenario de Gualeguaych\u00fa, Hospital San Mart\u00edn de Paran\u00e1; de los Centros de Salud El Charr\u00faa (Paran\u00e1), de Sauce Montrull; del centro de Salud El Palenque, del Centro de Salud O\u00f1ativia y del Hospital Escuela de Salud Mental, por citar algunos.<\/p>\n<p>El intercambio de ideas fue intenso. Al abrir el di\u00e1logo, la senadora Miranda agradeci\u00f3 las presencias y comparti\u00f3 a los presentes copia de las propuestas que envi\u00f3 el Ministerio de Salud.<\/p>\n<p>Se coincidi\u00f3 en la idea de avanzar, ya que la propuesta refleja muchos a\u00f1os de trabajo de un sector esencial en la prestaci\u00f3n de los servicios de salud.<\/p>\n<p>\u201cTenemos que encontrar el consenso para un proyecto que nos sirva por 20 a\u00f1os\u201d, fue una idea que se repiti\u00f3 a lo largo de la charla, y se fueron desgranando ante los legisladores detalles de la tarea que d\u00eda a d\u00eda debe afrontar la enfermer\u00eda entrerriana en todos los niveles de atenci\u00f3n.<\/p>\n<p>No faltaron cr\u00edticas a la legislaci\u00f3n vigente, la que fue observaba porque no se cumple en toda su dimensi\u00f3n.<\/p>\n<p>\u201cHay un cambio de \u00e9poca, cambios de paradigmas. Impacta el uso de tecnolog\u00edas y hay una necesidad de formaci\u00f3n permanente. Es un marco complejo que nos encuentra con problemas para poder llevar adelante una carrera de enfermer\u00eda como hace tiempo reclamamos\u201d, lanzaron desde el sector.<\/p>\n<p>Se mencion\u00f3 el c\u00famulo de situaciones que debe enfrentar el profesional de la enfermer\u00eda en tiempos de especializaci\u00f3n creciente.<\/p>\n<p>Propusieron que se tenga en cuenta adem\u00e1s a quienes se desempe\u00f1an en \u00e1mbitos rurales. El Estado, de manera correcta, reconoce a maestros o fuerza de seguridad que se desempe\u00f1a en esas zonas, pero est\u00e1 pendiente que lo mismo suceda con los enfermeros.<\/p>\n<p>Contar con un escalaf\u00f3n permitir\u00e1 un ordenamiento salarial y un fuerte incentivo en la carrera dentro del \u00e1mbito de salud, que es impactado en los \u00faltimos a\u00f1os por normas nacionales, por ejemplo, la ley de salud mental, dijeron.<\/p>\n<p>Fue recurrente un comentario: los efectores de salud reciben el impacto de los cambios sociales. Aparece la necesidad de dar respuestas a demandas en salud que exigen especializaci\u00f3n y compromiso. Algunos de estos par\u00e1metros sostienen la demanda por una carrera para los enfermeros entrerrianos.<\/p>\n<p>La senadora Miranda enfatiz\u00f3 que todas las posturas ser\u00e1n analizadas. Dispuso que de inmediato se trabaje sobre un texto que refleje las propuestas que ya son parte del expediente y ser\u00e1n compartidas de inmediato con todos los presentes, buscando consenso y el pronto tratamiento por el pleno del Cuerpo Legislativo.<\/p>\n","protected":false},"excerpt":{"rendered":"<p>La Comisi\u00f3n de Salud de la C\u00e1mara de Senadores se reuni\u00f3 este martes para analizar el proyecto de ley de Enfermer\u00eda, que ya cuenta con media sanci\u00f3n de Diputado. Se incorporar\u00e1n al an\u00e1lisis aportes del Ministerio de Salud, de gremios y asociaciones que representan al personal del sector &nbsp; &nbsp; Este mi\u00e9rcoles a la ma\u00f1ana se reuni\u00f3 la Comisi\u00f3n de Salud de la C\u00e1mara de la C\u00e1mara de Senadores con el fin de trabajar sobre el proyecto de ley que propone para Entre R\u00edos un Marco Regulatorio de la Carrera&#8230;<\/p>\n","protected":false},"author":3,"featured_media":54801,"comment_status":"closed","ping_status":"closed","sticky":false,"template":"","format":"standard","meta":[],"categories":[15],"tags":[],"_links":{"self":[{"href":"https:\/\/www.actualidadadiario.com\/index.php\/wp-json\/wp\/v2\/posts\/54800"}],"collection":[{"href":"https:\/\/www.actualidadadiario.com\/index.php\/wp-json\/wp\/v2\/posts"}],"about":[{"href":"https:\/\/www.actualidadadiario.com\/index.php\/wp-json\/wp\/v2\/types\/post"}],"author":[{"embeddable":true,"href":"https:\/\/www.actualidadadiario.com\/index.php\/wp-json\/wp\/v2\/users\/3"}],"replies":[{"embeddable":true,"href":"https:\/\/www.actualidadadiario.com\/index.php\/wp-json\/wp\/v2\/comments?post=54800"}],"version-history":[{"count":1,"href":"https:\/\/www.actualidadadiario.com\/index.php\/wp-json\/wp\/v2\/posts\/54800\/revisions"}],"predecessor-version":[{"id":54802,"href":"https:\/\/www.actualidadadiario.com\/index.php\/wp-json\/wp\/v2\/posts\/54800\/revisions\/54802"}],"wp:featuredmedia":[{"embeddable":true,"href":"https:\/\/www.actualidadadiario.com\/index.php\/wp-json\/wp\/v2\/media\/54801"}],"wp:attachment":[{"href":"https:\/\/www.actualidadadiario.com\/index.php\/wp-json\/wp\/v2\/media?parent=54800"}],"wp:term":[{"taxonomy":"category","embeddable":true,"href":"https:\/\/www.actualidadadiario.com\/index.php\/wp-json\/wp\/v2\/categories?post=54800"},{"taxonomy":"post_tag","embeddable":true,"href":"https:\/\/www.actualidadadiario.com\/index.php\/wp-json\/wp\/v2\/tags?post=54800"}],"curies":[{"name":"wp","href":"https:\/\/api.w.org\/{rel}","templated":true}]}}