{"id":54798,"date":"2019-11-28T11:06:54","date_gmt":"2019-11-28T14:06:54","guid":{"rendered":"https:\/\/www.actualidadadiario.com\/?p=54798"},"modified":"2019-11-28T11:06:54","modified_gmt":"2019-11-28T14:06:54","slug":"bordet-valoro-el-acuerdo-en-la-legislatura-para-la-aprobacion-del-presupuesto-provincial","status":"publish","type":"post","link":"https:\/\/www.actualidadadiario.com\/index.php\/2019\/11\/28\/bordet-valoro-el-acuerdo-en-la-legislatura-para-la-aprobacion-del-presupuesto-provincial\/","title":{"rendered":"Bordet valor\u00f3 el acuerdo en la Legislatura para la aprobaci\u00f3n del presupuesto provincial"},"content":{"rendered":"<p style=\"text-align: center;\"><em><strong>El gobernador Gustavo Bordet valor\u00f3 &#8220;el acuerdo alcanzado en la Legislatura que permiti\u00f3 aprobar por cuatro a\u00f1os consecutivos el presupuesto por consenso&#8221; y ratific\u00f3 la decisi\u00f3n de &#8220;seguir trabajando con transparencia, ordenando las cuentas p\u00fablicas, para el desarrollo de la provincia&#8221;<\/strong><\/em><\/p>\n<p>&nbsp;<\/p>\n<p>&nbsp;<\/p>\n<p>&#8220;Creo que el amplio acuerdo alcanzado en la Legislatura provincial para la aprobaci\u00f3n de este presupuesto refleja una vez m\u00e1s el esfuerzo de todos estos a\u00f1os por generar consensos y puntos de coincidencias antes que divisiones infructuosas&#8221;, se\u00f1al\u00f3 Bordet al conocer la noticia de la aprobaci\u00f3n de la Ley de Presupuesto provincial en el Senado.<\/p>\n<p>El mandatario entrerriano record\u00f3 que &#8220;se trata de un presupuesto equilibrado, elaborado en el marco de las pautas macroecon\u00f3micas del presupuesto nacional&#8221; y que &#8220;prioriza, como lo hemos hecho todos estos a\u00f1os, la atenci\u00f3n de las obligaciones primarias, y de las necesidades m\u00e1s urgentes que est\u00e1 viviendo la gente como lo son la salud y lo que comprende desarrollo social&#8221;.<\/p>\n<p>En esa l\u00ednea, &#8220;tambi\u00e9n buscamos mantener y fortalecer el nivel de inversi\u00f3n en obras de infraestructura que cumplen un doble rol, porque generan las condiciones b\u00e1sicas para el desarrollo productivo de la provincia, pero a la vez dinamizan la econom\u00eda generando actividad en cada pueblo y ciudad, y creando puestos de trabajo&#8221;.<\/p>\n<p>Tambi\u00e9n valor\u00f3 las herramientas incorporadas en este presupuesto que &#8220;proveen m\u00e1s eficiencia para llevar a cabo obras de infraestructura, ya que permiten readecuar partidas presupuestarias en funci\u00f3n del avance de los procesos licitatorios&#8221;.<\/p>\n<p>Por \u00faltimo, subray\u00f3 el fortalecimiento de la &#8220;infraestructura b\u00e1sica&#8221; en estos cuatro a\u00f1os y la priorizaci\u00f3n de la &#8220;inversi\u00f3n en obras educativas&#8221;, as\u00ed como tambi\u00e9n la inclusi\u00f3n de &#8220;mecanismos de financiamiento con organismo internacionales que dan la posibilidad de proyectar obras estructurales para el desarrollo y la integraci\u00f3n de Entre R\u00edos en la regi\u00f3n y el mundo&#8221;.<\/p>\n","protected":false},"excerpt":{"rendered":"<p>El gobernador Gustavo Bordet valor\u00f3 &#8220;el acuerdo alcanzado en la Legislatura que permiti\u00f3 aprobar por cuatro a\u00f1os consecutivos el presupuesto por consenso&#8221; y ratific\u00f3 la decisi\u00f3n de &#8220;seguir trabajando con transparencia, ordenando las cuentas p\u00fablicas, para el desarrollo de la provincia&#8221; &nbsp; &nbsp; &#8220;Creo que el amplio acuerdo alcanzado en la Legislatura provincial para la aprobaci\u00f3n de este presupuesto refleja una vez m\u00e1s el esfuerzo de todos estos a\u00f1os por generar consensos y puntos de coincidencias antes que divisiones infructuosas&#8221;, se\u00f1al\u00f3 Bordet al conocer la noticia de la aprobaci\u00f3n de&#8230;<\/p>\n","protected":false},"author":3,"featured_media":53703,"comment_status":"closed","ping_status":"closed","sticky":false,"template":"","format":"standard","meta":[],"categories":[15],"tags":[],"_links":{"self":[{"href":"https:\/\/www.actualidadadiario.com\/index.php\/wp-json\/wp\/v2\/posts\/54798"}],"collection":[{"href":"https:\/\/www.actualidadadiario.com\/index.php\/wp-json\/wp\/v2\/posts"}],"about":[{"href":"https:\/\/www.actualidadadiario.com\/index.php\/wp-json\/wp\/v2\/types\/post"}],"author":[{"embeddable":true,"href":"https:\/\/www.actualidadadiario.com\/index.php\/wp-json\/wp\/v2\/users\/3"}],"replies":[{"embeddable":true,"href":"https:\/\/www.actualidadadiario.com\/index.php\/wp-json\/wp\/v2\/comments?post=54798"}],"version-history":[{"count":1,"href":"https:\/\/www.actualidadadiario.com\/index.php\/wp-json\/wp\/v2\/posts\/54798\/revisions"}],"predecessor-version":[{"id":54799,"href":"https:\/\/www.actualidadadiario.com\/index.php\/wp-json\/wp\/v2\/posts\/54798\/revisions\/54799"}],"wp:featuredmedia":[{"embeddable":true,"href":"https:\/\/www.actualidadadiario.com\/index.php\/wp-json\/wp\/v2\/media\/53703"}],"wp:attachment":[{"href":"https:\/\/www.actualidadadiario.com\/index.php\/wp-json\/wp\/v2\/media?parent=54798"}],"wp:term":[{"taxonomy":"category","embeddable":true,"href":"https:\/\/www.actualidadadiario.com\/index.php\/wp-json\/wp\/v2\/categories?post=54798"},{"taxonomy":"post_tag","embeddable":true,"href":"https:\/\/www.actualidadadiario.com\/index.php\/wp-json\/wp\/v2\/tags?post=54798"}],"curies":[{"name":"wp","href":"https:\/\/api.w.org\/{rel}","templated":true}]}}